{"id":31032,"date":"2026-09-02T23:24:24","date_gmt":"2026-09-02T21:24:24","guid":{"rendered":"https:\/\/www.traunreuter-stadtblatt.de\/?p=31032"},"modified":"2026-09-02T23:24:24","modified_gmt":"2026-09-02T21:24:24","slug":"traunreut-radelt-mehr-als-dreieinhalb-mal-um-die-erde","status":"publish","type":"post","link":"https:\/\/www.traunreuter-stadtblatt.de\/?p=31032","title":{"rendered":"Traunreut radelt mehr als dreieinhalb Mal um die Erde"},"content":{"rendered":"<p><strong><em>692 Teilnehmerinnen und Teilnehmer legen beim STADTRADELN 138.529 Kilometer zur\u00fcck \u2013 Siegerinnen und Sieger beim Stadtfest ausgezeichnet<\/em><\/strong><\/p>\n<p>Vor zahlreichen Besucherinnen und Besuchern auf dem Traunreuter Stadtfest zeichnete Erster B\u00fcrgermeister Hans-Peter Dangschat am Samstag die erfolgreichsten Teilnehmerinnen und Teilnehmer des STADTRADELNS aus. Mit der Siegerehrung schloss die Stadt die dreiw\u00f6chige Aktion offiziell ab. Durch die Preisverleihung f\u00fchrte Evi Dettl, Pressesprecherin der Stadt Traunreut.<\/p>\n<p>Vom 8. bis 28. Juni beteiligten sich 692 Radlerinnen und Radler am STADTRADELN und legten gemeinsam 138.529 Kilometer zur\u00fcck \u2013 das entspricht rund dreieinhalb Erdumrundungen. Gleichzeitig konnten rund 22,7 Tonnen CO\u2082 eingespart werden.<\/p>\n<p>\u201eDie beeindruckenden Ergebnisse und vielen Teilnehmenden des STADTRADELNS zeigen: Wir sind eine fahrradbegeisterte Stadt \u2013 von klein bis gro\u00df. Ich fahre selbst t\u00e4glich mit dem Rad ins Rathaus und mir ist sehr wichtig, Traunreut noch attraktiver und sicherer f\u00fcr Radfahrende zu machen. Daran arbeiten wir stetig weiter\u201c, sagte Erster B\u00fcrgermeister Hans-Peter Dangschat.<\/p>\n<p>Bei der Siegerehrung legte die Stadt bewusst Wert darauf, nicht nur Spitzenleistungen zu w\u00fcrdigen, sondern m\u00f6glichst viele Zielgruppen auszuzeichnen. Geehrt wurden die erfolgreichsten Einzelradlerinnen und -radler, Teams, Schulen, Schulklassen und Kinderg\u00e4rten. Zus\u00e4tzlich wurden unter allen Teilnehmenden mit mehr als 400 bzw. 500 geradelten Kilometern zwei Sonderverlosungen durchgef\u00fchrt. Als Gl\u00fccksfee zog Elisabeth von Roeder, Amtsleitung Kultur und Leiterin k1, die Gewinnerinnen und Gewinner.<\/p>\n<p><img loading=\"lazy\" decoding=\"async\" class=\"wp-image-31034 alignleft\" src=\"https:\/\/www.traunreuter-stadtblatt.de\/wp-content\/uploads\/2026\/09\/Kath.-Kindergarten-Regenbogen_low.jpg\" alt=\"\" width=\"182\" height=\"121\" srcset=\"https:\/\/www.traunreuter-stadtblatt.de\/wp-content\/uploads\/2026\/09\/Kath.-Kindergarten-Regenbogen_low.jpg 2500w, https:\/\/www.traunreuter-stadtblatt.de\/wp-content\/uploads\/2026\/09\/Kath.-Kindergarten-Regenbogen_low-300x200.jpg 300w, https:\/\/www.traunreuter-stadtblatt.de\/wp-content\/uploads\/2026\/09\/Kath.-Kindergarten-Regenbogen_low-2000x1332.jpg 2000w, https:\/\/www.traunreuter-stadtblatt.de\/wp-content\/uploads\/2026\/09\/Kath.-Kindergarten-Regenbogen_low-768x511.jpg 768w, https:\/\/www.traunreuter-stadtblatt.de\/wp-content\/uploads\/2026\/09\/Kath.-Kindergarten-Regenbogen_low-1536x1023.jpg 1536w, https:\/\/www.traunreuter-stadtblatt.de\/wp-content\/uploads\/2026\/09\/Kath.-Kindergarten-Regenbogen_low-2048x1364.jpg 2048w, https:\/\/www.traunreuter-stadtblatt.de\/wp-content\/uploads\/2026\/09\/Kath.-Kindergarten-Regenbogen_low-1080x719.jpg 1080w\" sizes=\"(max-width: 182px) 100vw, 182px\" \/>Als aktivster Kindergarten wurde der Katholische Kindergarten Regenbogen ausgezeichnet. Die Walter-Mohr-Realschule war gleich mehrfach erfolgreich: Die Klasse 5c erreichte mit 240,1 Kilometern pro Kopf den Spitzenplatz bei den Schulklassen, au\u00dferdem sicherte sich die Schule mit insgesamt 23.466 Kilometern den Pokal als aktivste Schule. Die meisten Gesamtkilometer, n\u00e4mlich 5.521 km, einer Schulklasse sammelte die Klasse 6c des Johannes-Heidenhain-Gymnasiums.<\/p>\n<p>In der Teamwertung gewann das A-Team mit 1.216,3 Kilometern pro Kopf die Wertung der meisten Kilometer je Teammitglied. Kilometerst\u00e4rkstes Team wurde der RSV Traunreut mit insgesamt 13.250 Kilometern.<\/p>\n<p>In der Einzelwertung belegte Aneta Stelmach vom Team der Wilhelm-L\u00f6he-Schule mit 1.336 Kilometern den dritten Platz und erhielt zwei Festivalp\u00e4sse f\u00fcr das Bergflair Open Air. Den zweiten Platz erreichte Udo Albrich vom A-Team mit 1.353 Kilometern. Er durfte sich \u00fcber einen Einkaufsgutschein im Wert von 150 Euro von MC Bike freuen. Mit 1.442 Kilometern sicherte sich Simon Riedl, der f\u00fcr die Jugendsiedlung an den Start ging, den ersten Platz. Er erhielt einen Gutschein \u00fcber 300 Euro vom Fahrradspezialisten Wallner.<\/p>\n<p>Insgesamt wurden w\u00e4hrend der drei Aktionswochen 14.080 Fahrten erfasst. Besonders gro\u00df war die Beteiligung der Schulen: Die drei kilometerst\u00e4rksten Schulen sammelten zusammen mehr als 55.000 Kilometer. Acht Teilnehmerinnen und Teilnehmer legten sogar jeweils mehr als 1.000 Kilometer mit dem Fahrrad zur\u00fcck.<\/p>\n<p>Die Preise wurden von den Sponsoren Wallner \u2013 Der Fahrradspezialist und MC Bike sowie dem Kultur- und Veranstaltungszentrum k1 und den Stadtwerken zur Verf\u00fcgung gestellt. B\u00fcrgermeister Dangschat bedankte sich bei allen Teilnehmenden sowie den Sponsoren f\u00fcr ihren Beitrag zum erfolgreichen STADTRADELN der Stadt Traunreut.<\/p>\n","protected":false},"excerpt":{"rendered":"<p>692 Teilnehmerinnen und Teilnehmer legen beim STADTRADELN 138.529 Kilometer zur\u00fcck \u2013 Siegerinnen und Sieger beim Stadtfest ausgezeichnet Vor zahlreichen Besucherinnen und Besuchern auf dem Traunreuter Stadtfest zeichnete Erster B\u00fcrgermeister Hans-Peter Dangschat am Samstag die erfolgreichsten Teilnehmerinnen und Teilnehmer des STADTRADELNS aus. Mit der Siegerehrung schloss die Stadt die dreiw\u00f6chige Aktion offiziell ab. Durch die Preisverleihung [&hellip;]<\/p>\n","protected":false},"author":2,"featured_media":31033,"comment_status":"closed","ping_status":"closed","sticky":false,"template":"","format":"standard","meta":{"_et_pb_use_builder":"","_et_pb_old_content":"","_et_gb_content_width":"","footnotes":""},"categories":[28],"tags":[],"class_list":["post-31032","post","type-post","status-publish","format-standard","has-post-thumbnail","hentry","category-stadtleben","et-has-post-format-content","et_post_format-et-post-format-standard"],"_links":{"self":[{"href":"https:\/\/www.traunreuter-stadtblatt.de\/index.php?rest_route=\/wp\/v2\/posts\/31032","targetHints":{"allow":["GET"]}}],"collection":[{"href":"https:\/\/www.traunreuter-stadtblatt.de\/index.php?rest_route=\/wp\/v2\/posts"}],"about":[{"href":"https:\/\/www.traunreuter-stadtblatt.de\/index.php?rest_route=\/wp\/v2\/types\/post"}],"author":[{"embeddable":true,"href":"https:\/\/www.traunreuter-stadtblatt.de\/index.php?rest_route=\/wp\/v2\/users\/2"}],"replies":[{"embeddable":true,"href":"https:\/\/www.traunreuter-stadtblatt.de\/index.php?rest_route=%2Fwp%2Fv2%2Fcomments&post=31032"}],"version-history":[{"count":1,"href":"https:\/\/www.traunreuter-stadtblatt.de\/index.php?rest_route=\/wp\/v2\/posts\/31032\/revisions"}],"predecessor-version":[{"id":31035,"href":"https:\/\/www.traunreuter-stadtblatt.de\/index.php?rest_route=\/wp\/v2\/posts\/31032\/revisions\/31035"}],"wp:featuredmedia":[{"embeddable":true,"href":"https:\/\/www.traunreuter-stadtblatt.de\/index.php?rest_route=\/wp\/v2\/media\/31033"}],"wp:attachment":[{"href":"https:\/\/www.traunreuter-stadtblatt.de\/index.php?rest_route=%2Fwp%2Fv2%2Fmedia&parent=31032"}],"wp:term":[{"taxonomy":"category","embeddable":true,"href":"https:\/\/www.traunreuter-stadtblatt.de\/index.php?rest_route=%2Fwp%2Fv2%2Fcategories&post=31032"},{"taxonomy":"post_tag","embeddable":true,"href":"https:\/\/www.traunreuter-stadtblatt.de\/index.php?rest_route=%2Fwp%2Fv2%2Ftags&post=31032"}],"curies":[{"name":"wp","href":"https:\/\/api.w.org\/{rel}","templated":true}]}}