{"id":31026,"date":"2026-09-02T23:16:54","date_gmt":"2026-09-02T21:16:54","guid":{"rendered":"https:\/\/www.traunreuter-stadtblatt.de\/?p=31026"},"modified":"2026-09-02T23:16:54","modified_gmt":"2026-09-02T21:16:54","slug":"25-jahre-praxisklasse-an-der-mittelschule-traunreut","status":"publish","type":"post","link":"https:\/\/www.traunreuter-stadtblatt.de\/?p=31026","title":{"rendered":"25 Jahre Praxisklasse an der Mittelschule Traunreut"},"content":{"rendered":"<h3><strong>Erfolgsmodell f\u00fcr handwerklich und praktisch orientierte Jugendliche feiert Jubil\u00e4um<\/strong><\/h3>\n<p><strong>An der Werner-von Siemens-Mittelschule wurden am Freitag zum 25. Mal auch die Sch\u00fclerinnen und Sch\u00fcler der Praxisklasse in die Ferien beziehungsweise ins Berufsleben verabschiedet. Das freiwillige Angebot startete im Schuljahr 2000\/01 und wird als ein- und zweij\u00e4hriges Modell durchgef\u00fchrt. Angesprochen sind Jugendliche im 8. oder 9. Schulbesuchsjahr, deren St\u00e4rken eher in der Praxis als im regul\u00e4ren Schulunterricht liegen.<\/strong><\/p>\n<p>&nbsp;<\/p>\n<p>Im Schuljahr 2025\/26 besuchten 15 Sch\u00fclerinnen und Sch\u00fcler die Praxisklasse, die bereits seit 2007 von Boris Mitterwieser betreut wird. Seit 2015 ist der Diplom-Sozialp\u00e4dagoge fest bei der Stadt Traunreut angestellt, womit die j\u00e4hrlichen Ausschreibungen wegfallen, die zuvor n\u00f6tig waren. Zus\u00e4tzlich gef\u00f6rdert wird das Projekt vom Europ\u00e4ischen Sozialfonds Plus (ESF+) der Europ\u00e4ischen Union.<\/p>\n<p>&nbsp;<\/p>\n<p>\u201eDie erfolgreiche Arbeit in der Praxisklasse hat einen hohen Stellenwert f\u00fcr die Stadt Traunreut. Uns ist sehr wichtig, dieses Angebot zu unterst\u00fctzen und Planungssicherheit zu geben, damit auch weiterhin alle Jugendlichen die Chance haben, in Traunreut ihren beruflichen Weg zu finden\u201c, betont Erster B\u00fcrgermeister Hans-Peter Dangschat.<\/p>\n<p>&nbsp;<\/p>\n<p>Im Unterschied zu den regul\u00e4ren Schulklassen, sind bei der Praxisklasse die Zeiten in Betrieben deutlich h\u00f6her. Bis zu drei Monate des Schuljahrs verbringen die Jugendlichen im Praktikum, um im Idealfall direkt einen Ausbildungsplatz zu finden. Boris Mitterwieser begleitet die Praktika mit Besuchen vor Ort und engen Absprachen mit den Ausbildungsbetrieben. Der Unterricht von Klassleiterin Sarah Buttschardt konzentriert sich auf Grundlagen, die f\u00fcr die Berufsschule wichtig sind, wie Mathematik, Deutsch und allgemeinbildende F\u00e4cher. Nach einer gemeinsamen Startphase ist jeweils die H\u00e4lfte der Klasse im Unterricht in Traunreut, w\u00e4hrend die anderen ihr Praktikum absolvieren. Zu Beginn verbringen die Jugendlichen meist jede Woche in einem anderen Betrieb, au\u00dfer es kristallisiert sich schon klar ein k\u00fcnftiger Arbeitgeber heraus. Das Ziel ist ganz klar, f\u00fcr alle Jugendlichen einen passenden Ausbildungsplatz zu finden, egal welcher Beruf es am Ende wird.<\/p>\n<p>&nbsp;<\/p>\n<p>\u201eEs ist sehr wichtig, auch Angebote f\u00fcr Sch\u00fclerinnen und Sch\u00fcler zu schaffen, die mit dem regul\u00e4ren Unterricht nicht so gut zurechtkommen. Die vielen Erfolgsgeschichten der Absolventinnen und Absolventen zeigen, dass dieser Ansatz funktioniert\u201c, so Schulleiterin Sabine R\u00f6hr.<\/p>\n<p>&nbsp;<\/p>\n<p>Auch f\u00fcr die zuk\u00fcnftigen Arbeitgeber geht das Konzept auf. Sie lernen die Jugendlichen direkt in der Praxis kennen und werden nicht vorab von einem Zeugnis beeinflusst.<\/p>\n<p>&nbsp;<\/p>\n<p>\u201eEin ehemaliger Sch\u00fcler hat inzwischen sogar seinen eigenen Betrieb in Traunreut gegr\u00fcndet\u201c, erz\u00e4hlt Boris Mitterwieser. \u201eDas ist nat\u00fcrlich eine besonders sch\u00f6ne Geschichte, aber uns freut jede einzelne Ausbildungsstelle, die wir gemeinsam mit den Jugendlichen f\u00fcr sie finden, und in der sie sich verwirklichen k\u00f6nnen\u201c, so der Diplom-Sozialp\u00e4dagoge weiter.<\/p>\n<p>&nbsp;<\/p>\n<p>F\u00fcr zwei Drittel der aktuellen Praxisklasse beginnt jetzt ein neuer Lebensabschnitt. So haben sechs Jugendliche bereits Arbeitgeber in der Region gefunden, bei denen sie demn\u00e4chst ihre berufliche Laufbahn starten. Die Ausbildungsberufe decken ein breites Feld ab \u2013 von der tiermedizinischen Fachangestellten \u00fcber den Konstruktionsmechaniker und die Pflegefachhelferin bis zum Anlagenmechaniker f\u00fcr Sanit\u00e4r-, Heizungs- und Klimatechnik. Dazu kommen zwei schulische Ausbildungen an der staatlichen Berufsfachschule f\u00fcr Kinderpflege. Vier weitere Praxisklassen-Absolventen f\u00fchrt ihr Weg in ein Berufsvorbereitungsjahr, eine Berufsintegrationsklasse, ein Berufsgrundschuljahr f\u00fcr Zimmerer und eine berufsvorbereitende Bildungsma\u00dfnahme. F\u00fcnf Sch\u00fclerinnen und Sch\u00fcler setzen die Praxisklasse im zweij\u00e4hrigen Modell im kommenden Schuljahr fort.<\/p>\n<p>&nbsp;<\/p>\n<p>Die Praxisklasse hat auch weit \u00fcber die Stadt Traunreut hinaus Bedeutung. Die Sch\u00fclerinnen und Sch\u00fcler kommen aus verschiedenen Orten aus dem Landkreis Traunstein, zum Beispiel auch Obing und Tacherting an die Werner-von-Siemens-Mittelschule, um dieses Angebot zu nutzen.<\/p>\n<p>&nbsp;<\/p>\n<p><em>Bildunterschrift: Die Praxisklasse 2025\/26 mit der Klassleiterin Sarah Buttschardt (1.v.l.), dem Diplom-Sozialp\u00e4dagogen Boris Mitterwieser (2.v.l.), Erstem B\u00fcrgermeister Hans-Peter Dangschat (8.v.l.), Schulleiterin Sabine R\u00f6hr (2.v.r.) und Amtsleiter Claudio Beilhack (rechts).<\/em><\/p>\n","protected":false},"excerpt":{"rendered":"<p>Erfolgsmodell f\u00fcr handwerklich und praktisch orientierte Jugendliche feiert Jubil\u00e4um An der Werner-von Siemens-Mittelschule wurden am Freitag zum 25. Mal auch die Sch\u00fclerinnen und Sch\u00fcler der Praxisklasse in die Ferien beziehungsweise ins Berufsleben verabschiedet. Das freiwillige Angebot startete im Schuljahr 2000\/01 und wird als ein- und zweij\u00e4hriges Modell durchgef\u00fchrt. Angesprochen sind Jugendliche im 8. oder 9. [&hellip;]<\/p>\n","protected":false},"author":2,"featured_media":31027,"comment_status":"closed","ping_status":"closed","sticky":false,"template":"","format":"standard","meta":{"_et_pb_use_builder":"","_et_pb_old_content":"","_et_gb_content_width":"","footnotes":""},"categories":[30],"tags":[],"class_list":["post-31026","post","type-post","status-publish","format-standard","has-post-thumbnail","hentry","category-schulen-kiga","et-has-post-format-content","et_post_format-et-post-format-standard"],"_links":{"self":[{"href":"https:\/\/www.traunreuter-stadtblatt.de\/index.php?rest_route=\/wp\/v2\/posts\/31026","targetHints":{"allow":["GET"]}}],"collection":[{"href":"https:\/\/www.traunreuter-stadtblatt.de\/index.php?rest_route=\/wp\/v2\/posts"}],"about":[{"href":"https:\/\/www.traunreuter-stadtblatt.de\/index.php?rest_route=\/wp\/v2\/types\/post"}],"author":[{"embeddable":true,"href":"https:\/\/www.traunreuter-stadtblatt.de\/index.php?rest_route=\/wp\/v2\/users\/2"}],"replies":[{"embeddable":true,"href":"https:\/\/www.traunreuter-stadtblatt.de\/index.php?rest_route=%2Fwp%2Fv2%2Fcomments&post=31026"}],"version-history":[{"count":1,"href":"https:\/\/www.traunreuter-stadtblatt.de\/index.php?rest_route=\/wp\/v2\/posts\/31026\/revisions"}],"predecessor-version":[{"id":31028,"href":"https:\/\/www.traunreuter-stadtblatt.de\/index.php?rest_route=\/wp\/v2\/posts\/31026\/revisions\/31028"}],"wp:featuredmedia":[{"embeddable":true,"href":"https:\/\/www.traunreuter-stadtblatt.de\/index.php?rest_route=\/wp\/v2\/media\/31027"}],"wp:attachment":[{"href":"https:\/\/www.traunreuter-stadtblatt.de\/index.php?rest_route=%2Fwp%2Fv2%2Fmedia&parent=31026"}],"wp:term":[{"taxonomy":"category","embeddable":true,"href":"https:\/\/www.traunreuter-stadtblatt.de\/index.php?rest_route=%2Fwp%2Fv2%2Fcategories&post=31026"},{"taxonomy":"post_tag","embeddable":true,"href":"https:\/\/www.traunreuter-stadtblatt.de\/index.php?rest_route=%2Fwp%2Fv2%2Ftags&post=31026"}],"curies":[{"name":"wp","href":"https:\/\/api.w.org\/{rel}","templated":true}]}}