{"id":31023,"date":"2026-09-02T23:14:43","date_gmt":"2026-09-02T21:14:43","guid":{"rendered":"https:\/\/www.traunreuter-stadtblatt.de\/?p=31023"},"modified":"2026-09-02T23:14:43","modified_gmt":"2026-09-02T21:14:43","slug":"dringend-noetige-sanierung-der-ostlandstrasse-startet","status":"publish","type":"post","link":"https:\/\/www.traunreuter-stadtblatt.de\/?p=31023","title":{"rendered":"Dringend n\u00f6tige Sanierung der Ostlandstra\u00dfe startet"},"content":{"rendered":"<p><strong>Risse im Asphalt, Flickstellen, br\u00f6ckelnde Kanten, Unebenheiten &#8211; wer in der Traunreuter Ostlandstra\u00dfe steht, der sieht auf den ersten Blick: Die Stra\u00dfe muss dringend saniert werden, und das ist schon sehr lange so. Wenn am Montag die gro\u00dfe Sanierungsma\u00dfnahme von Stadtwerken und Bauamt startet, sind bereits \u00fcber 20 Jahre an Gespr\u00e4chen und Planung vergangen.<\/strong><\/p>\n<p>Es gibt gl\u00fccklicherweise nur noch wenige Stra\u00dfen im Stadtgebiet, die in einem derart schlechten Zustand sind wie die Ostlandstra\u00dfe, allerdings l\u00e4sst sich eine Sanierung nicht immer einfach durchf\u00fchren. Bei diesem konkreten Beispiel hatten sich schon mehrere Stadtratsgremien ganz klar f\u00fcr eine Sanierung ausgesprochen und Mittel bereitgestellt, die von der Stadtverwaltung f\u00fcr diese Ma\u00dfnahme eingesetzt werden sollten. In die Umsetzung kam es aber viele Jahre nicht. Der Grund: Die schwierigen Grundst\u00fccksverh\u00e4ltnisse in der Stra\u00dfe.<\/p>\n<p>F\u00fcr einen zeitgem\u00e4\u00dfen Ausbau musste die Stadt Grund erwerben. Das bedeutete auch: viele Gespr\u00e4che und Verhandlungen mit zahlreichen verschiedenen Parteien. Wohnungsbaugesellschaften und Genossenschaften, unter anderem die Bundesanstalt f\u00fcr Immobilienaufgaben, mussten genauso \u00fcberzeugt werden wie Wohnungseigent\u00fcmergemeinschaften.<\/p>\n<p>Auch Erster B\u00fcrgermeister Hans-Peter Dangschat war umfassend in die Gespr\u00e4che eingebunden: \u201eIch m\u00f6chte mich an dieser Stelle besonders bei der Immobilienabteilung der Stadt Traunreut bedanken. Ich freue mich sehr, dass es uns gemeinsam gelungen ist, alle an einen Tisch zu bringen und gemeinsam eine L\u00f6sung zu erarbeiten. Jetzt k\u00f6nnen wir die Ostlandstra\u00dfe nach so vielen Jahren endlich in einen modernen ordentlichen Zustand bringen\u201c, so Dangschat.Nach dem Auffr\u00e4sen der Stra\u00dfe k\u00fcmmern sich in den ersten vier Wochen die Stadtwerke Traunreut um die Erneuerung beziehungsweise das Umverlegen der Hauptwasserverleitung, die aus dem Jahr 1975 stammt und bisher \u00fcberwiegend auf Privatgrund verlegt war. Betroffen ist eine Leitungsl\u00e4nge von ca. 205 Metern, die im Zuge der Bauma\u00dfnahme nun in den \u00f6ffentlichen Grund umverlegt wird. Parallel dazu werden auch acht Hausanschl\u00fcsse an die Wasserversorgung erneuert.<\/p>\n<p>Im Anschluss \u00fcbernimmt das Tiefbauamt der Stadt Traunreut. Vor Sanierung der Asphalt- und Parkplatzfl\u00e4chen werden zun\u00e4chst f\u00fcr eine nachhaltige Stra\u00dfenentw\u00e4sserung Sickerrigolen verbaut. Sie sind Teil des Schwammstadt-Konzepts der Stadt. Dieses besagt: Regenwasser soll m\u00f6glichst dort gespeichert, versickert oder genutzt werden, wo es f\u00e4llt, statt sofort in die Kanalisation geleitet zu werden. Das verhindert zum einen \u00dcberschwemmungen bei Starkregen, zum anderen unterst\u00fctzt gespeichertes Wasser B\u00e4ume und Gr\u00fcnfl\u00e4chen in trockenen Zeiten. Eine Verdunstung kann an hei\u00dfen Tagen zus\u00e4tzlich f\u00fcr Abk\u00fchlung sorgen.<\/p>\n<p>Am Montag, den 31. August beginnen die umfangreichen Infrastrukturarbeiten in der Ostlandstra\u00dfe in Traunreut, die voraussichtlich bis Anfang November andauern werden. Die Stra\u00dfe ist zu diesem Zeitraum f\u00fcr den Durchgangsverkehr gesperrt. Die Zufahrt f\u00fcr Anwohner ist nat\u00fcrlich m\u00f6glich.<\/p>\n","protected":false},"excerpt":{"rendered":"<p>Risse im Asphalt, Flickstellen, br\u00f6ckelnde Kanten, Unebenheiten &#8211; wer in der Traunreuter Ostlandstra\u00dfe steht, der sieht auf den ersten Blick: Die Stra\u00dfe muss dringend saniert werden, und das ist schon sehr lange so. Wenn am Montag die gro\u00dfe Sanierungsma\u00dfnahme von Stadtwerken und Bauamt startet, sind bereits \u00fcber 20 Jahre an Gespr\u00e4chen und Planung vergangen. Es [&hellip;]<\/p>\n","protected":false},"author":2,"featured_media":31024,"comment_status":"closed","ping_status":"closed","sticky":false,"template":"","format":"standard","meta":{"_et_pb_use_builder":"","_et_pb_old_content":"","_et_gb_content_width":"","footnotes":""},"categories":[33],"tags":[],"class_list":["post-31023","post","type-post","status-publish","format-standard","has-post-thumbnail","hentry","category-aktuelles","et-has-post-format-content","et_post_format-et-post-format-standard"],"_links":{"self":[{"href":"https:\/\/www.traunreuter-stadtblatt.de\/index.php?rest_route=\/wp\/v2\/posts\/31023","targetHints":{"allow":["GET"]}}],"collection":[{"href":"https:\/\/www.traunreuter-stadtblatt.de\/index.php?rest_route=\/wp\/v2\/posts"}],"about":[{"href":"https:\/\/www.traunreuter-stadtblatt.de\/index.php?rest_route=\/wp\/v2\/types\/post"}],"author":[{"embeddable":true,"href":"https:\/\/www.traunreuter-stadtblatt.de\/index.php?rest_route=\/wp\/v2\/users\/2"}],"replies":[{"embeddable":true,"href":"https:\/\/www.traunreuter-stadtblatt.de\/index.php?rest_route=%2Fwp%2Fv2%2Fcomments&post=31023"}],"version-history":[{"count":1,"href":"https:\/\/www.traunreuter-stadtblatt.de\/index.php?rest_route=\/wp\/v2\/posts\/31023\/revisions"}],"predecessor-version":[{"id":31025,"href":"https:\/\/www.traunreuter-stadtblatt.de\/index.php?rest_route=\/wp\/v2\/posts\/31023\/revisions\/31025"}],"wp:featuredmedia":[{"embeddable":true,"href":"https:\/\/www.traunreuter-stadtblatt.de\/index.php?rest_route=\/wp\/v2\/media\/31024"}],"wp:attachment":[{"href":"https:\/\/www.traunreuter-stadtblatt.de\/index.php?rest_route=%2Fwp%2Fv2%2Fmedia&parent=31023"}],"wp:term":[{"taxonomy":"category","embeddable":true,"href":"https:\/\/www.traunreuter-stadtblatt.de\/index.php?rest_route=%2Fwp%2Fv2%2Fcategories&post=31023"},{"taxonomy":"post_tag","embeddable":true,"href":"https:\/\/www.traunreuter-stadtblatt.de\/index.php?rest_route=%2Fwp%2Fv2%2Ftags&post=31023"}],"curies":[{"name":"wp","href":"https:\/\/api.w.org\/{rel}","templated":true}]}}