{"id":31012,"date":"2026-09-02T23:02:09","date_gmt":"2026-09-02T21:02:09","guid":{"rendered":"https:\/\/www.traunreuter-stadtblatt.de\/?p=31012"},"modified":"2026-09-02T23:02:09","modified_gmt":"2026-09-02T21:02:09","slug":"das-infomobil-des-deutschen-bundestages-macht-halt-in-traunreut","status":"publish","type":"post","link":"https:\/\/www.traunreuter-stadtblatt.de\/?p=31012","title":{"rendered":"Das Infomobil des Deutschen Bundestages macht Halt in Traunreut"},"content":{"rendered":"<p><strong>Vom 11. September bis 13. September 2026 ist das Infomobil des Deutschen Bundestages im Wahlkreis 224 \u201eTraunstein\u201c zu Gast.<\/strong><\/p>\n<p><strong>Standort: Traunreut &#8211; Rathausplatz.<\/strong><br \/>\n<strong>\u00d6ffnungszeiten:<\/strong><br \/>\n<strong>Freitag, 11. September 2026 von 11 bis 18 Uhr,<\/strong><br \/>\n<strong>Samstag, 12. September 2026 von 10 bis 18 Uhr sowie<\/strong><br \/>\n<strong>Sonntag, 13. September 2026 von 10 bis 15 Uhr.<\/strong><\/p>\n<p>Der 17 Meter lange und 26 Tonnen schwere Promotion-Truck tourt jedes Jahr durch rund 60 St\u00e4dte in ganz Deutschland. Ziel ist es, die Arbeit des Parlaments anschaulich zu vermitteln \u2013 und im Laufe von zwei Wahlperioden alle 299 Wahlkreise zu besuchen. Besucherinnen und Besucher haben die Gelegenheit, sich vor Ort \u00fcber die Aufgaben und Arbeitsweise des Parlaments zu informieren und das Gespr\u00e4ch mit Vertreterinnen und Vertretern des Deutschen Bundestages zu suchen. Oft k\u00f6nnen auch die Bundestagsabgeordneten des Wahlkreises f\u00fcr Gespr\u00e4che vor Ort sein.<\/p>\n<p>Bitte beachten Sie: Insbesondere w\u00e4hrend der Sitzungswochen des Bundestages in Berlin ist eine Anwesenheit der Abgeordneten vor Ort in der Regel nicht m\u00f6glich. Gruppenbesuche, insbesondere von Schulklassen bis zu 30 Personen, k\u00f6nnen vereinbart werden. Fachkundige Honorarkr\u00e4fte informieren im Auftrag des Bundestages, leiten Diskussionsrunden und beantworten Fragen rund um die parlamentarische Arbeit.<\/p>\n<p>Im Infomobil erwarten Sie zahlreiche Informationsangebote \u2013 gedruckt und digital. Eine Fotowand am Redepult des Plenarsaals l\u00e4dt zu einem Erinnerungsfoto ein, und ein virtueller Rundgang erm\u00f6glicht einen digitalen Besuch im Bundestag. Auch ein Gl\u00fccksrad mit kleinen Preisen sowie eine barrierefreie Hebeb\u00fchne geh\u00f6ren zur Ausstattung. Weitere Informationen zum Infomobil und zu den anderen Instrumenten der mobilen \u00d6ffentlichkeitsarbeit des Deutschen Bundestages finden Sie unter <a href=\"http:\/\/www.bundestag.de\/unterwegs\">www.bundestag.de\/unterwegs<\/a>.<br \/>\nDort sind auch alle weiteren Stationen der Infotour 2026 aufgef\u00fchrt.<\/p>\n<p>Wer das Infomobil diesmal nicht besuchen kann, findet viele Informationsmaterialien kostenlos unter <a href=\"http:\/\/www.btgbestellservice.de\">www.btgbestellservice.de<\/a>. Dort lassen sich Flyer, Brosch\u00fcren und das Grundgesetz als PDF herunterladen oder kostenfrei in gedruckter Form bestellen \u2013 teilweise auch in Fremdsprachen sowie in einfacher oder leichter Sprache.<\/p>\n<p><strong>Hier gehts zum Flyer:\u00a0<\/strong><\/p>\n<p><a href=\"https:\/\/www.traunreuter-stadtblatt.de\/wp-content\/uploads\/2026\/09\/Flyer-Das-Infomobil-des-Parlaments.pdf\">Flyer &#8211; Das Infomobil des Parlaments<\/a><\/p>\n","protected":false},"excerpt":{"rendered":"<p>Vom 11. September bis 13. September 2026 ist das Infomobil des Deutschen Bundestages im Wahlkreis 224 \u201eTraunstein\u201c zu Gast. Standort: Traunreut &#8211; Rathausplatz. \u00d6ffnungszeiten: Freitag, 11. September 2026 von 11 bis 18 Uhr, Samstag, 12. September 2026 von 10 bis 18 Uhr sowie Sonntag, 13. September 2026 von 10 bis 15 Uhr. Der 17 Meter [&hellip;]<\/p>\n","protected":false},"author":2,"featured_media":31014,"comment_status":"closed","ping_status":"closed","sticky":false,"template":"","format":"standard","meta":{"_et_pb_use_builder":"","_et_pb_old_content":"","_et_gb_content_width":"","footnotes":""},"categories":[33],"tags":[],"class_list":["post-31012","post","type-post","status-publish","format-standard","has-post-thumbnail","hentry","category-aktuelles","et-has-post-format-content","et_post_format-et-post-format-standard"],"_links":{"self":[{"href":"https:\/\/www.traunreuter-stadtblatt.de\/index.php?rest_route=\/wp\/v2\/posts\/31012","targetHints":{"allow":["GET"]}}],"collection":[{"href":"https:\/\/www.traunreuter-stadtblatt.de\/index.php?rest_route=\/wp\/v2\/posts"}],"about":[{"href":"https:\/\/www.traunreuter-stadtblatt.de\/index.php?rest_route=\/wp\/v2\/types\/post"}],"author":[{"embeddable":true,"href":"https:\/\/www.traunreuter-stadtblatt.de\/index.php?rest_route=\/wp\/v2\/users\/2"}],"replies":[{"embeddable":true,"href":"https:\/\/www.traunreuter-stadtblatt.de\/index.php?rest_route=%2Fwp%2Fv2%2Fcomments&post=31012"}],"version-history":[{"count":1,"href":"https:\/\/www.traunreuter-stadtblatt.de\/index.php?rest_route=\/wp\/v2\/posts\/31012\/revisions"}],"predecessor-version":[{"id":31015,"href":"https:\/\/www.traunreuter-stadtblatt.de\/index.php?rest_route=\/wp\/v2\/posts\/31012\/revisions\/31015"}],"wp:featuredmedia":[{"embeddable":true,"href":"https:\/\/www.traunreuter-stadtblatt.de\/index.php?rest_route=\/wp\/v2\/media\/31014"}],"wp:attachment":[{"href":"https:\/\/www.traunreuter-stadtblatt.de\/index.php?rest_route=%2Fwp%2Fv2%2Fmedia&parent=31012"}],"wp:term":[{"taxonomy":"category","embeddable":true,"href":"https:\/\/www.traunreuter-stadtblatt.de\/index.php?rest_route=%2Fwp%2Fv2%2Fcategories&post=31012"},{"taxonomy":"post_tag","embeddable":true,"href":"https:\/\/www.traunreuter-stadtblatt.de\/index.php?rest_route=%2Fwp%2Fv2%2Ftags&post=31012"}],"curies":[{"name":"wp","href":"https:\/\/api.w.org\/{rel}","templated":true}]}}