{"id":31009,"date":"2026-09-02T22:55:40","date_gmt":"2026-09-02T20:55:40","guid":{"rendered":"https:\/\/www.traunreuter-stadtblatt.de\/?p=31009"},"modified":"2026-09-02T22:55:40","modified_gmt":"2026-09-02T20:55:40","slug":"neue-bekanntschaften-statt-einsamkeit","status":"publish","type":"post","link":"https:\/\/www.traunreuter-stadtblatt.de\/?p=31009","title":{"rendered":"Neue Bekanntschaften statt Einsamkeit"},"content":{"rendered":"<p><em>v. li. Nathalie Bickel, Quartiersmanagerin der Stadt Traunreut sowie Angela Auer und Veronika Ebner vom Mehrgenerationenhaus Traunreut, begr\u00fc\u00dfen die Teilnehmer.<\/em><\/p>\n<p><strong>Telefonnummern wurden notiert, Erfahrungen ausgetauscht und viel gelacht: Der Aktionstag \u201eGemeinsam gegen die Einsamkeit\u201c, der k\u00fcrzlich im Mehrgenerationenhaus Traunreut stattgefunden hat, hat seinem Namen alle Ehre gemacht. 28 Besucherinnen und Besucher im Alter zwischen 25 und 80 Jahren nutzten die Gelegenheit, miteinander ins Gespr\u00e4ch zu kommen und neue Kontakte zu kn\u00fcpfen.<\/strong><\/p>\n<p>Viele der G\u00e4ste waren allein gekommen und hatten durch die Berichterstattung in der Presse von dem Begegnungsvormittag erfahren. Bei Kaffee, Kuchen und frischen Brezen entwickelte sich schnell eine offene Atmosph\u00e4re. Aus ersten Gespr\u00e4chen wurden lebhafte Diskussionen, aus Begegnungen neue Bekanntschaften, ganz im Sinne des Mottos \u201eGemeinsam gegen die Einsamkeit\u201c.<\/p>\n<p>F\u00fcr den musikalischen Rahmen sorgte Thomas Hirschmann, der mit s\u00fcdamerikanischen Kl\u00e4ngen auf der Konzertgitarre f\u00fcr eine entspannte Stimmung sorgte. Gemeinsam gestalteten die Teilnehmer au\u00dferdem Buttons mit der Aufschrift \u201eWir statt alleine\u201c. Die selbst entworfenen Anstecker standen symbolisch f\u00fcr Gemeinschaft, Zusammenhalt und ein offenes Miteinander.<\/p>\n<p>Die R\u00fcckmeldungen der Besucherinnen und Besucher fielen durchweg positiv aus. Viele w\u00fcnschten sich eine Fortsetzung des Angebots. F\u00fcr das Quartiersmanagement der Stadt Traunreut und das Mehrgenerationenhaus Traunreut ist die gro\u00dfe Resonanz ein Zeichen daf\u00fcr, wie wichtig unkomplizierte Begegnungsm\u00f6glichkeiten sind. \u201eBereits wenige gemeinsame Stunden k\u00f6nnen dazu beitragen, neue Kontakte entstehen zu lassen und sozialer Isolation entgegenzuwirken\u201c, erkl\u00e4rt Nathalie Bickel, Quartiersmanagerin der Stadt Traunreut.<\/p>\n<p>Der Begegnungsvormittag war Teil der bundesweiten Aktionswoche \u201eGemeinsam aus der Einsamkeit\u201c, die auf das gesellschaftlich bedeutsame Thema aufmerksam macht und Menschen miteinander in Kontakt bringen m\u00f6chte.<\/p>\n","protected":false},"excerpt":{"rendered":"<p>v. li. Nathalie Bickel, Quartiersmanagerin der Stadt Traunreut sowie Angela Auer und Veronika Ebner vom Mehrgenerationenhaus Traunreut, begr\u00fc\u00dfen die Teilnehmer. Telefonnummern wurden notiert, Erfahrungen ausgetauscht und viel gelacht: Der Aktionstag \u201eGemeinsam gegen die Einsamkeit\u201c, der k\u00fcrzlich im Mehrgenerationenhaus Traunreut stattgefunden hat, hat seinem Namen alle Ehre gemacht. 28 Besucherinnen und Besucher im Alter zwischen 25 [&hellip;]<\/p>\n","protected":false},"author":2,"featured_media":31010,"comment_status":"closed","ping_status":"closed","sticky":false,"template":"","format":"standard","meta":{"_et_pb_use_builder":"","_et_pb_old_content":"","_et_gb_content_width":"","footnotes":""},"categories":[28],"tags":[],"class_list":["post-31009","post","type-post","status-publish","format-standard","has-post-thumbnail","hentry","category-stadtleben","et-has-post-format-content","et_post_format-et-post-format-standard"],"_links":{"self":[{"href":"https:\/\/www.traunreuter-stadtblatt.de\/index.php?rest_route=\/wp\/v2\/posts\/31009","targetHints":{"allow":["GET"]}}],"collection":[{"href":"https:\/\/www.traunreuter-stadtblatt.de\/index.php?rest_route=\/wp\/v2\/posts"}],"about":[{"href":"https:\/\/www.traunreuter-stadtblatt.de\/index.php?rest_route=\/wp\/v2\/types\/post"}],"author":[{"embeddable":true,"href":"https:\/\/www.traunreuter-stadtblatt.de\/index.php?rest_route=\/wp\/v2\/users\/2"}],"replies":[{"embeddable":true,"href":"https:\/\/www.traunreuter-stadtblatt.de\/index.php?rest_route=%2Fwp%2Fv2%2Fcomments&post=31009"}],"version-history":[{"count":1,"href":"https:\/\/www.traunreuter-stadtblatt.de\/index.php?rest_route=\/wp\/v2\/posts\/31009\/revisions"}],"predecessor-version":[{"id":31011,"href":"https:\/\/www.traunreuter-stadtblatt.de\/index.php?rest_route=\/wp\/v2\/posts\/31009\/revisions\/31011"}],"wp:featuredmedia":[{"embeddable":true,"href":"https:\/\/www.traunreuter-stadtblatt.de\/index.php?rest_route=\/wp\/v2\/media\/31010"}],"wp:attachment":[{"href":"https:\/\/www.traunreuter-stadtblatt.de\/index.php?rest_route=%2Fwp%2Fv2%2Fmedia&parent=31009"}],"wp:term":[{"taxonomy":"category","embeddable":true,"href":"https:\/\/www.traunreuter-stadtblatt.de\/index.php?rest_route=%2Fwp%2Fv2%2Fcategories&post=31009"},{"taxonomy":"post_tag","embeddable":true,"href":"https:\/\/www.traunreuter-stadtblatt.de\/index.php?rest_route=%2Fwp%2Fv2%2Ftags&post=31009"}],"curies":[{"name":"wp","href":"https:\/\/api.w.org\/{rel}","templated":true}]}}