{"id":30983,"date":"2026-09-02T22:09:30","date_gmt":"2026-09-02T20:09:30","guid":{"rendered":"https:\/\/www.traunreuter-stadtblatt.de\/?p=30983"},"modified":"2026-09-02T22:09:30","modified_gmt":"2026-09-02T20:09:30","slug":"erfolgreiche-tennissaison-des-fc-traunreut","status":"publish","type":"post","link":"https:\/\/www.traunreuter-stadtblatt.de\/?p=30983","title":{"rendered":"erfolgreiche Tennissaison des fc traunreut"},"content":{"rendered":"<p><strong>Auf eine ereignisreiche und erfolgreiche Tennissaison blickt die Tennisabteilung des FC Traunreut zur\u00fcck. Insgesamt sechs Mannschaften gingen in diesem Jahr an den Start, vier davon im Jugendbereich. Dabei sammelten die Nachwuchsspielerinnen und -spieler wertvolle Erfahrungen und konnten zugleich beachtliche sportliche Erfolge wie zwei Meistertitel feiern.<\/strong><\/p>\n<p><img loading=\"lazy\" decoding=\"async\" class=\"wp-image-30984 alignleft\" src=\"https:\/\/www.traunreuter-stadtblatt.de\/wp-content\/uploads\/2026\/09\/Jugend-U9-2026-FC-Traunreut-7.jpeg\" alt=\"\" width=\"118\" height=\"88\" srcset=\"https:\/\/www.traunreuter-stadtblatt.de\/wp-content\/uploads\/2026\/09\/Jugend-U9-2026-FC-Traunreut-7.jpeg 2000w, https:\/\/www.traunreuter-stadtblatt.de\/wp-content\/uploads\/2026\/09\/Jugend-U9-2026-FC-Traunreut-7-300x225.jpeg 300w, https:\/\/www.traunreuter-stadtblatt.de\/wp-content\/uploads\/2026\/09\/Jugend-U9-2026-FC-Traunreut-7-768x576.jpeg 768w, https:\/\/www.traunreuter-stadtblatt.de\/wp-content\/uploads\/2026\/09\/Jugend-U9-2026-FC-Traunreut-7-1536x1152.jpeg 1536w, https:\/\/www.traunreuter-stadtblatt.de\/wp-content\/uploads\/2026\/09\/Jugend-U9-2026-FC-Traunreut-7-1080x810.jpeg 1080w\" sizes=\"(max-width: 118px) 100vw, 118px\" \/>Sehr erfreulich verlief das Deb\u00fct der Kleinfeldmannschaft U9 in der S\u00fcdliga 2. Mit einem soliden dritten Platz setzte das junge Team ihren Fu\u00dfabdruck in der Verbandsrunde. Laura Gruchot und Jana Leinweber gl\u00e4nzten vor allem im Doppel und blieben bei jedem ihrer Doppeleins\u00e4tze ungeschlagen. Julian Damian, an Rang 1 gesetzt und Josef Blank pr\u00e4sentierten eine ausgeglichene Einzelleistung \u00fcber die Saison und k\u00f6nnen auch mit ihrer Doppelleistung zufrieden sein.<br \/>\nJulian Keil und Alex Leinweber komplettierten die Mannschaft und sammelten ihre ersten Wettkampferfahrungen.<\/p>\n<p><img loading=\"lazy\" decoding=\"async\" class=\"wp-image-30985 alignleft\" src=\"https:\/\/www.traunreuter-stadtblatt.de\/wp-content\/uploads\/2026\/09\/Jugend-U12-I-2026-FC-Traunreut-3.jpeg\" alt=\"\" width=\"120\" height=\"90\" srcset=\"https:\/\/www.traunreuter-stadtblatt.de\/wp-content\/uploads\/2026\/09\/Jugend-U12-I-2026-FC-Traunreut-3.jpeg 1600w, https:\/\/www.traunreuter-stadtblatt.de\/wp-content\/uploads\/2026\/09\/Jugend-U12-I-2026-FC-Traunreut-3-300x225.jpeg 300w, https:\/\/www.traunreuter-stadtblatt.de\/wp-content\/uploads\/2026\/09\/Jugend-U12-I-2026-FC-Traunreut-3-768x576.jpeg 768w, https:\/\/www.traunreuter-stadtblatt.de\/wp-content\/uploads\/2026\/09\/Jugend-U12-I-2026-FC-Traunreut-3-1536x1152.jpeg 1536w, https:\/\/www.traunreuter-stadtblatt.de\/wp-content\/uploads\/2026\/09\/Jugend-U12-I-2026-FC-Traunreut-3-1080x810.jpeg 1080w\" sizes=\"(max-width: 120px) 100vw, 120px\" \/>In der Altersklasse U12 war der FC Traunreut mit zwei Mannschaften vertreten. Die souver\u00e4nen Meister des Vorjahres \u2013 Franz Kern, Paula Brenner, Xaver Schneider und Sophia Danner \u2013 lie\u00dfen auch diesmal keinen Punkt liegen. Trotz des Aufstiegs in die S\u00fcdliga 4 marschierte das Team ohne Niederlage durch die Saison und sicherte sich erneut die Meisterschaft.<\/p>\n<p><img loading=\"lazy\" decoding=\"async\" class=\"wp-image-30986 alignleft\" src=\"https:\/\/www.traunreuter-stadtblatt.de\/wp-content\/uploads\/2026\/09\/Jugend-U12-II-2026-FC-Traunreut-1.jpeg\" alt=\"\" width=\"119\" height=\"89\" srcset=\"https:\/\/www.traunreuter-stadtblatt.de\/wp-content\/uploads\/2026\/09\/Jugend-U12-II-2026-FC-Traunreut-1.jpeg 2048w, https:\/\/www.traunreuter-stadtblatt.de\/wp-content\/uploads\/2026\/09\/Jugend-U12-II-2026-FC-Traunreut-1-300x225.jpeg 300w, https:\/\/www.traunreuter-stadtblatt.de\/wp-content\/uploads\/2026\/09\/Jugend-U12-II-2026-FC-Traunreut-1-2000x1500.jpeg 2000w, https:\/\/www.traunreuter-stadtblatt.de\/wp-content\/uploads\/2026\/09\/Jugend-U12-II-2026-FC-Traunreut-1-768x576.jpeg 768w, https:\/\/www.traunreuter-stadtblatt.de\/wp-content\/uploads\/2026\/09\/Jugend-U12-II-2026-FC-Traunreut-1-1536x1152.jpeg 1536w, https:\/\/www.traunreuter-stadtblatt.de\/wp-content\/uploads\/2026\/09\/Jugend-U12-II-2026-FC-Traunreut-1-1080x810.jpeg 1080w\" sizes=\"(max-width: 119px) 100vw, 119px\" \/>In der U12 II spielten einige j\u00fcngere Spielerinnen und Spieler, die ebenfalls ihre ersten Erfahrungen machen durften, w\u00e4hrend manche bereits in der U10 im letzten Jahr spielten. In jeder Begegnung durften die beiden Stammspielerinnen Antonia Rath auf Rang 1 und Pepper Rohatsch auf Rang 2 ihr K\u00f6nnen unter Beweis stellen und holten wichtige Punkte f\u00fcr das Team. Als Einzelspieler holte Sebastian Sieber mit drei Eins\u00e4tzen zwei wichtige Punkte. Einen souver\u00e4nen Einstand in diese Saison hatten Johannes und Julian Wolz, die als Sieger aus nahezu all ihren Einzeln und Doppeln in drei Eins\u00e4tzen hervorgingen. Mit zwei bzw. einem Einsatz unterst\u00fctzten Neuzugang Julia Osterland und Niklas Brenner die Mannschaft und sammelten wichtige Erfahrungen.<\/p>\n<p><img loading=\"lazy\" decoding=\"async\" class=\"wp-image-30987 alignleft\" src=\"https:\/\/www.traunreuter-stadtblatt.de\/wp-content\/uploads\/2026\/09\/Jugend-U15-2026-FC-Traunreut-5.jpeg\" alt=\"\" width=\"120\" height=\"90\" srcset=\"https:\/\/www.traunreuter-stadtblatt.de\/wp-content\/uploads\/2026\/09\/Jugend-U15-2026-FC-Traunreut-5.jpeg 2048w, https:\/\/www.traunreuter-stadtblatt.de\/wp-content\/uploads\/2026\/09\/Jugend-U15-2026-FC-Traunreut-5-300x225.jpeg 300w, https:\/\/www.traunreuter-stadtblatt.de\/wp-content\/uploads\/2026\/09\/Jugend-U15-2026-FC-Traunreut-5-2000x1500.jpeg 2000w, https:\/\/www.traunreuter-stadtblatt.de\/wp-content\/uploads\/2026\/09\/Jugend-U15-2026-FC-Traunreut-5-768x576.jpeg 768w, https:\/\/www.traunreuter-stadtblatt.de\/wp-content\/uploads\/2026\/09\/Jugend-U15-2026-FC-Traunreut-5-1536x1152.jpeg 1536w, https:\/\/www.traunreuter-stadtblatt.de\/wp-content\/uploads\/2026\/09\/Jugend-U15-2026-FC-Traunreut-5-1080x810.jpeg 1080w\" sizes=\"(max-width: 120px) 100vw, 120px\" \/>Zum ersten Mal seit langem meldete der FC wieder eine U15 Knaben Mannschaft, die aus den Kernspielern David Klug, Nico Palfi, Sammy Damian bestand, unterst\u00fctzt durch das einzige M\u00e4dchen Eileen Rose. Die beiden U12 Spieler Franz Kern und Xaver Schneider halfen dem Team ebenfalls in entscheidenden Partien aus. Gegen starke Gegner wie den SC Hammer, den sp\u00e4teren Meister TC Ruhpolding und den k\u00f6rperlich \u00fcberlegenen SC Vachendorf waren die Aufgaben anspruchsvoll. Mehrere Begegnungen gingen erst im umk\u00e4mpften Match-Tiebreak verloren \u2013 doch diese Partien waren wichtige Schritte in der Entwicklung der jungen Spieler.<\/p>\n<p>Bei den Erwachsenen gingen die Herren 65 in der S\u00fcdliga 2 an den Start und sicherten sich dieses Jahr einen guten Mittelplatz im Feld nach einem 5:1 Sieg gegen die SV DJK Emmerting, zwei Unentschieden gegen TuS Alztal Garching und TV Obing sowie zwei knappen Niederlagen jeweils 2:4 gegen den TC T\u00fc\u00dfling und TC Eggenfelden.<\/p>\n<p>Die Damen kr\u00f6nten ihre eindrucksvolle Saison in der S\u00fcdliga 4, die von spannenden Spielen, gl\u00fccklich gewonnenen Match-Tiebreaks und souver\u00e4nen Siegen gepr\u00e4gt war dagegen mit der Meisterschaft. Mit der R\u00fcckkehr von Lisa-Marie Wagner in ihren Heimatverein und den starken Impulsen von Corinna und Bianca Kohlru\u00df lief es in diesem Jahr rund \u2013 und der Titel wurde anschlie\u00dfend geb\u00fchrend gefeiert.<\/p>\n<p>Text, Foto: Alexandra Rose, FC Traunreut<\/p>\n","protected":false},"excerpt":{"rendered":"<p>Auf eine ereignisreiche und erfolgreiche Tennissaison blickt die Tennisabteilung des FC Traunreut zur\u00fcck. Insgesamt sechs Mannschaften gingen in diesem Jahr an den Start, vier davon im Jugendbereich. Dabei sammelten die Nachwuchsspielerinnen und -spieler wertvolle Erfahrungen und konnten zugleich beachtliche sportliche Erfolge wie zwei Meistertitel feiern. Sehr erfreulich verlief das Deb\u00fct der Kleinfeldmannschaft U9 in der [&hellip;]<\/p>\n","protected":false},"author":2,"featured_media":30987,"comment_status":"closed","ping_status":"closed","sticky":false,"template":"","format":"standard","meta":{"_et_pb_use_builder":"","_et_pb_old_content":"","_et_gb_content_width":"","footnotes":""},"categories":[29],"tags":[],"class_list":["post-30983","post","type-post","status-publish","format-standard","has-post-thumbnail","hentry","category-vereinsleben","et-has-post-format-content","et_post_format-et-post-format-standard"],"_links":{"self":[{"href":"https:\/\/www.traunreuter-stadtblatt.de\/index.php?rest_route=\/wp\/v2\/posts\/30983","targetHints":{"allow":["GET"]}}],"collection":[{"href":"https:\/\/www.traunreuter-stadtblatt.de\/index.php?rest_route=\/wp\/v2\/posts"}],"about":[{"href":"https:\/\/www.traunreuter-stadtblatt.de\/index.php?rest_route=\/wp\/v2\/types\/post"}],"author":[{"embeddable":true,"href":"https:\/\/www.traunreuter-stadtblatt.de\/index.php?rest_route=\/wp\/v2\/users\/2"}],"replies":[{"embeddable":true,"href":"https:\/\/www.traunreuter-stadtblatt.de\/index.php?rest_route=%2Fwp%2Fv2%2Fcomments&post=30983"}],"version-history":[{"count":1,"href":"https:\/\/www.traunreuter-stadtblatt.de\/index.php?rest_route=\/wp\/v2\/posts\/30983\/revisions"}],"predecessor-version":[{"id":30988,"href":"https:\/\/www.traunreuter-stadtblatt.de\/index.php?rest_route=\/wp\/v2\/posts\/30983\/revisions\/30988"}],"wp:featuredmedia":[{"embeddable":true,"href":"https:\/\/www.traunreuter-stadtblatt.de\/index.php?rest_route=\/wp\/v2\/media\/30987"}],"wp:attachment":[{"href":"https:\/\/www.traunreuter-stadtblatt.de\/index.php?rest_route=%2Fwp%2Fv2%2Fmedia&parent=30983"}],"wp:term":[{"taxonomy":"category","embeddable":true,"href":"https:\/\/www.traunreuter-stadtblatt.de\/index.php?rest_route=%2Fwp%2Fv2%2Fcategories&post=30983"},{"taxonomy":"post_tag","embeddable":true,"href":"https:\/\/www.traunreuter-stadtblatt.de\/index.php?rest_route=%2Fwp%2Fv2%2Ftags&post=30983"}],"curies":[{"name":"wp","href":"https:\/\/api.w.org\/{rel}","templated":true}]}}