{"id":30980,"date":"2026-09-02T21:58:46","date_gmt":"2026-09-02T19:58:46","guid":{"rendered":"https:\/\/www.traunreuter-stadtblatt.de\/?p=30980"},"modified":"2026-09-02T21:59:40","modified_gmt":"2026-09-02T19:59:40","slug":"jahreshauptversammlung-vdk-traunwalchen","status":"publish","type":"post","link":"https:\/\/www.traunreuter-stadtblatt.de\/?p=30980","title":{"rendered":"JAHRESHAUPTVERSAMMLUNG VdK Traunwalchen"},"content":{"rendered":"<p><em>Auf dem Foto sind von links nach rechts folgende Personen zu sehen: Angelika Zunhammer, Josef Lackner, Erster B\u00fcrgermeister Hans-Peter Dangschat, Michael Hoffmann, Willi Vogel, Werner Fertl und Marianne Loeben.<\/em><\/p>\n<p>&nbsp;<\/p>\n<p><strong>Bei der Jahreshauptversammlung des VdK-Ortsverbandes Traunwalchen am 18. Juli im Gasthaus zur Post in Kammer begr\u00fc\u00dfte die Erste Vorsitzende Angelika Zunhammer 50 Mitglieder und G\u00e4ste. Der Ortsverband z\u00e4hlt derzeit 211 Mitglieder.<\/strong><\/p>\n<p>Die Erste Vorsitzende er\u00f6ffnete die Versammlung mit einem Zitat von Albert Einstein: \u201eDas Leben ist wie Fahrrad fahren. Um die Balance zu halten, musst du in Bewegung bleiben.\u201c Wie beim Radfahren gebe es auch im Leben Anstiege, holprige Strecken und Umwege. Gerade dann sei es wichtig, mit dem VdK einen starken und verl\u00e4sslichen Partner an seiner Seite zu haben.<\/p>\n<p>Nach dem Gedenken an die verstorbenen Mitglieder blickte die Erste Vorsitzende Angelika Zunhammer auf ein aktives Vereinsjahr mit zahlreichen Veranstaltungen, Vortr\u00e4gen und gemeinsamen Unternehmungen zur\u00fcck. Im Rahmen der Versammlung wurden zudem langj\u00e4hrige Mitglieder f\u00fcr ihre Treue zum VdK geehrt.<br \/>\nWerner Fertl vom VdK-Kreisverband Traunstein berichtete \u00fcber die Arbeit des Kreisverbandes und lobte das Engagement: \u201eIn Traunwalchen wird nicht verwaltet, sondern gestaltet.\u201c Reformen d\u00fcrften niemals die Schw\u00e4chsten der Gesellschaft treffen.<\/p>\n<p>Auch Traunreuts Erster B\u00fcrgermeister Hans-Peter Dangschat dankte der Vorstandschaft f\u00fcr ihre Arbeit und hob besonders die gute Zusammenarbeit der drei VdK-Ortsverb\u00e4nde Traunwalchen, Traunreut und Stein-St. Georgen hervor.<br \/>\nZum Abschluss stellte Frau Zunhammer die Frage: \u201eWas bleibt am Ende unseres Lebens wirklich von uns?\u201c Nicht entscheidend sei, wie viel ein Mensch besessen habe, sondern welche Spuren er im Leben anderer hinterlasse. Genau daf\u00fcr stehe der VdK: f\u00fcreinander da sein, helfen, zuh\u00f6ren und Gemeinschaft leben.<\/p>\n<p>Text, Foto: VDK Ortsverband<\/p>\n","protected":false},"excerpt":{"rendered":"<p>Auf dem Foto sind von links nach rechts folgende Personen zu sehen: Angelika Zunhammer, Josef Lackner, Erster B\u00fcrgermeister Hans-Peter Dangschat, Michael Hoffmann, Willi Vogel, Werner Fertl und Marianne Loeben. &nbsp; Bei der Jahreshauptversammlung des VdK-Ortsverbandes Traunwalchen am 18. Juli im Gasthaus zur Post in Kammer begr\u00fc\u00dfte die Erste Vorsitzende Angelika Zunhammer 50 Mitglieder und G\u00e4ste. [&hellip;]<\/p>\n","protected":false},"author":2,"featured_media":30981,"comment_status":"closed","ping_status":"closed","sticky":false,"template":"","format":"standard","meta":{"_et_pb_use_builder":"","_et_pb_old_content":"","_et_gb_content_width":"","footnotes":""},"categories":[31],"tags":[],"class_list":["post-30980","post","type-post","status-publish","format-standard","has-post-thumbnail","hentry","category-kirchen-soziales","et-has-post-format-content","et_post_format-et-post-format-standard"],"_links":{"self":[{"href":"https:\/\/www.traunreuter-stadtblatt.de\/index.php?rest_route=\/wp\/v2\/posts\/30980","targetHints":{"allow":["GET"]}}],"collection":[{"href":"https:\/\/www.traunreuter-stadtblatt.de\/index.php?rest_route=\/wp\/v2\/posts"}],"about":[{"href":"https:\/\/www.traunreuter-stadtblatt.de\/index.php?rest_route=\/wp\/v2\/types\/post"}],"author":[{"embeddable":true,"href":"https:\/\/www.traunreuter-stadtblatt.de\/index.php?rest_route=\/wp\/v2\/users\/2"}],"replies":[{"embeddable":true,"href":"https:\/\/www.traunreuter-stadtblatt.de\/index.php?rest_route=%2Fwp%2Fv2%2Fcomments&post=30980"}],"version-history":[{"count":1,"href":"https:\/\/www.traunreuter-stadtblatt.de\/index.php?rest_route=\/wp\/v2\/posts\/30980\/revisions"}],"predecessor-version":[{"id":30982,"href":"https:\/\/www.traunreuter-stadtblatt.de\/index.php?rest_route=\/wp\/v2\/posts\/30980\/revisions\/30982"}],"wp:featuredmedia":[{"embeddable":true,"href":"https:\/\/www.traunreuter-stadtblatt.de\/index.php?rest_route=\/wp\/v2\/media\/30981"}],"wp:attachment":[{"href":"https:\/\/www.traunreuter-stadtblatt.de\/index.php?rest_route=%2Fwp%2Fv2%2Fmedia&parent=30980"}],"wp:term":[{"taxonomy":"category","embeddable":true,"href":"https:\/\/www.traunreuter-stadtblatt.de\/index.php?rest_route=%2Fwp%2Fv2%2Fcategories&post=30980"},{"taxonomy":"post_tag","embeddable":true,"href":"https:\/\/www.traunreuter-stadtblatt.de\/index.php?rest_route=%2Fwp%2Fv2%2Ftags&post=30980"}],"curies":[{"name":"wp","href":"https:\/\/api.w.org\/{rel}","templated":true}]}}