{"id":30974,"date":"2026-09-02T14:28:10","date_gmt":"2026-09-02T12:28:10","guid":{"rendered":"https:\/\/www.traunreuter-stadtblatt.de\/?p=30974"},"modified":"2026-09-02T14:28:10","modified_gmt":"2026-09-02T12:28:10","slug":"30-jahre-kronenfest-siebenbuerger-sachsen-feiern-lebendige-tradition","status":"publish","type":"post","link":"https:\/\/www.traunreuter-stadtblatt.de\/?p=30974","title":{"rendered":"30 Jahre Kronenfest: Siebenb\u00fcrger Sachsen feiern lebendige Tradition"},"content":{"rendered":"<p><strong>Mehr als 250 Besucher haben am Samstag, dem 27. Juni, das 30. Kronenfest der Siebenb\u00fcrger Sachsen im Heimathaus Traunreut gefeiert.<\/strong><\/p>\n<p>Die Jubil\u00e4umsveranstaltung brachte aktive und ehemalige Mitglieder der Trachtengruppe zusammen, die f\u00fcr diesen besonderen Anlass erneut ihre traditionellen Gew\u00e4nder anlegten und gemeinsam tanzten. Das Programm wurde durch die Jugendtanzgruppe der Siebenb\u00fcrger Sachsen aus Landshut sowie den Trachtenverein D\u2019 Traunviertler aus Traunwalchen erg\u00e4nzt. Beide Gruppen sorgten mit ihren Auftritten f\u00fcr zus\u00e4tzliche Abwechslung und zeigten, wie vielf\u00e4ltig die regionale Tanz- und Festkultur ist.<\/p>\n<p>Seit seiner Einf\u00fchrung im Jahr 1995 hat das Kronenfest in Traunreut einen festen Platz im Jahreskalender. Nur w\u00e4hrend der Corona-Pandemie musste die Veranstaltung einmal pausieren. Oswald Zerwes, damals Zweiter Vorsitzender der Landsmannschaft, erinnert sich an die Anf\u00e4nge: Der Wunsch sei gewesen, den vertrauten Brauch aus der alten Heimat weiterzuf\u00fchren. In seiner Ansprache hob Richard Schneider, Vorsitzender der Siebenb\u00fcrger Sachsen Traunreut, die Bedeutung des Festes hervor. Br\u00e4uche und Traditionen seien \u201elebendige Heimat\u201c, die man im Herzen trage. Jede Tracht und jeder Tanz mache die Geschichte der Gemeinschaft sichtbar und erinnere daran, was \u00fcber Generationen bewahrt wurde. Auch B\u00fcrgermeister Hans-Peter Dangschat gratulierte zum Jubil\u00e4um und w\u00fcrdigte das Engagement der Organisatoren. Das Kronenfest sei eine Bereicherung f\u00fcr die Stadt und ein Zeichen f\u00fcr die Verbundenheit mit den eigenen Wurzeln.<\/p>\n<p>Bereits am Vortag hatten rund 70 Helfer den Festplatz vorbereitet, den Kronenbaum aufgestellt und Kuchen gebacken. Das Jubil\u00e4umsfest zeigte damit nicht nur den R\u00fcckblick auf eine lange Tradition, sondern auch, wie stark sie bis heute von vielen Menschen getragen wird.<\/p>\n<p>&nbsp;<\/p>\n<p>Text, Foto: Siebenb\u00fcrger Sachsen<\/p>\n","protected":false},"excerpt":{"rendered":"<p>Mehr als 250 Besucher haben am Samstag, dem 27. Juni, das 30. Kronenfest der Siebenb\u00fcrger Sachsen im Heimathaus Traunreut gefeiert. Die Jubil\u00e4umsveranstaltung brachte aktive und ehemalige Mitglieder der Trachtengruppe zusammen, die f\u00fcr diesen besonderen Anlass erneut ihre traditionellen Gew\u00e4nder anlegten und gemeinsam tanzten. Das Programm wurde durch die Jugendtanzgruppe der Siebenb\u00fcrger Sachsen aus Landshut sowie [&hellip;]<\/p>\n","protected":false},"author":2,"featured_media":30975,"comment_status":"closed","ping_status":"closed","sticky":false,"template":"","format":"standard","meta":{"_et_pb_use_builder":"","_et_pb_old_content":"","_et_gb_content_width":"","footnotes":""},"categories":[29],"tags":[],"class_list":["post-30974","post","type-post","status-publish","format-standard","has-post-thumbnail","hentry","category-vereinsleben","et-has-post-format-content","et_post_format-et-post-format-standard"],"_links":{"self":[{"href":"https:\/\/www.traunreuter-stadtblatt.de\/index.php?rest_route=\/wp\/v2\/posts\/30974","targetHints":{"allow":["GET"]}}],"collection":[{"href":"https:\/\/www.traunreuter-stadtblatt.de\/index.php?rest_route=\/wp\/v2\/posts"}],"about":[{"href":"https:\/\/www.traunreuter-stadtblatt.de\/index.php?rest_route=\/wp\/v2\/types\/post"}],"author":[{"embeddable":true,"href":"https:\/\/www.traunreuter-stadtblatt.de\/index.php?rest_route=\/wp\/v2\/users\/2"}],"replies":[{"embeddable":true,"href":"https:\/\/www.traunreuter-stadtblatt.de\/index.php?rest_route=%2Fwp%2Fv2%2Fcomments&post=30974"}],"version-history":[{"count":1,"href":"https:\/\/www.traunreuter-stadtblatt.de\/index.php?rest_route=\/wp\/v2\/posts\/30974\/revisions"}],"predecessor-version":[{"id":30976,"href":"https:\/\/www.traunreuter-stadtblatt.de\/index.php?rest_route=\/wp\/v2\/posts\/30974\/revisions\/30976"}],"wp:featuredmedia":[{"embeddable":true,"href":"https:\/\/www.traunreuter-stadtblatt.de\/index.php?rest_route=\/wp\/v2\/media\/30975"}],"wp:attachment":[{"href":"https:\/\/www.traunreuter-stadtblatt.de\/index.php?rest_route=%2Fwp%2Fv2%2Fmedia&parent=30974"}],"wp:term":[{"taxonomy":"category","embeddable":true,"href":"https:\/\/www.traunreuter-stadtblatt.de\/index.php?rest_route=%2Fwp%2Fv2%2Fcategories&post=30974"},{"taxonomy":"post_tag","embeddable":true,"href":"https:\/\/www.traunreuter-stadtblatt.de\/index.php?rest_route=%2Fwp%2Fv2%2Ftags&post=30974"}],"curies":[{"name":"wp","href":"https:\/\/api.w.org\/{rel}","templated":true}]}}