{"id":30969,"date":"2026-09-02T14:24:58","date_gmt":"2026-09-02T12:24:58","guid":{"rendered":"https:\/\/www.traunreuter-stadtblatt.de\/?p=30969"},"modified":"2026-09-02T14:24:58","modified_gmt":"2026-09-02T12:24:58","slug":"25-jahre-taekwondo-schulen-koennecke","status":"publish","type":"post","link":"https:\/\/www.traunreuter-stadtblatt.de\/?p=30969","title":{"rendered":"25 Jahre Taekwondo-Schulen K\u00f6nnecke"},"content":{"rendered":"<p><strong>521 Aktive aus sieben L\u00e4ndern, 27 Gro\u00dfmeister, zwei Tage Sportzentrum Nord \u2013 Salzburg feierte, was 2001 in der Traunreuter Traunpassage begann.<\/strong><\/p>\n<p>Sieben L\u00e4nder, 521 Teilnehmer, ein Wochenende: Im Salzburger Sportzentrum Nord ist Mitte Juli gefeiert worden, was vor 25 Jahren in einer Schule mitten in der Traunreuter Traunpassage seinen Anfang nahm. Der Anlass: das Jubil\u00e4um der Taekwondo-Schulen K\u00f6nnecke, gegr\u00fcndet am 20. Mai 2001 genau dort.<\/p>\n<p>Wer heute durch die Region f\u00e4hrt, st\u00f6\u00dft fast \u00fcberall auf Standorte des Schulverbunds \u2013 Traunreut, Trostberg, Salzburg, Surtal, Freilassing, Bad Reichenhall, Neu\u00f6tting, \u00dcbersee, Garching an der Alz, Sankt Gilgen, und ab September kommt Bernau am Chiemsee dazu. Angefangen hat alles deutlich bescheidener, mit einer einzigen Schule in der Traunpassage und einem Gr\u00fcnder, dem damals noch niemand ansah, wohin das f\u00fchren w\u00fcrde.<\/p>\n<p>Dass eine Kleinstadt im Chiemgau zum Bezugspunkt f\u00fcr koreanische Kampfkunst weltweit werden w\u00fcrde, klingt zun\u00e4chst unwahrscheinlich. Tats\u00e4chlich sitzt hier heute das Traditional Taekwondo Center, ein internationaler Fachverband mit \u00fcber 70 Schulen in Deutschland, \u00d6sterreich, Frankreich, den USA und \u2013 seit Kurzem \u2013 auch Italien. Im vergangenen November wurde Thomas K\u00f6nnecke zum Vorsitzenden ernannt.<\/p>\n<p>Er\u00f6ffnet hatte er die Traunreuter Schule 2001 gemeinsam mit Gro\u00dfmeister Kwon Jae-Hwa, einem der f\u00fcnf Meister, die 1965 im Regierungsauftrag Taekwondo in die Welt trugen und bis heute vielen als Begr\u00fcnder der Sportart in Europa gilt. Der Kontakt riss nie ab: Erst im Oktober vergangenen Jahres reiste K\u00f6nnecke mit einer 70-k\u00f6pfigen Delegation zu Kwon nach New York, umgekehrt kam der mittlerweile 89-J\u00e4hrige im Laufe der Jahre viermal selbst nach Traunreut, um in der Schule zu unterrichten, die er einst mitbetreute.<\/p>\n<p>Wie gro\u00df die Reichweite mittlerweile geworden ist, zeigte sich beim Jubil\u00e4umslehrgang in Salzburg. 521 Teilnehmer aus Deutschland, \u00d6sterreich, Italien, der Schweiz, Griechenland, Zypern und den USA kamen ins Sportzentrum Nord \u2013 darunter 27 Gro\u00dfmeister aus aller Welt. An beiden Tagen standen 30 Unterrichtseinheiten zu den f\u00fcnf technischen S\u00e4ulen des traditionellen Taekwondo auf dem Programm: Formenlauf, Kombinationen, Technikschulung, Kicktechnik und Freikampf, offen f\u00fcr alle G\u00fcrtelgrade vom wei\u00dfen Anf\u00e4nger bis zum schwarzen Meistergurt.<\/p>\n<p>Den weitesten Weg hatte David Ippen aus Honolulu auf sich genommen; seine zwei Lehrgangseinheiten z\u00e4hlten zu den H\u00f6hepunkten des Wochenendes. Einen k\u00fcrzeren, aber nicht weniger emotionalen Weg hatten die zahlreichen Trainierenden aus Traunreut selbst, die zur Feier ihrer eigenen Schule anreisten. Zum Abschluss rundeten Vorf\u00fchrungen des deutschen Nationalteams und einer italienischen Delegation das Programm ab. Unter den mehr als 500 G\u00e4sten d\u00fcrfte sich mancher gefragt haben, wie eine Schule in der Traunpassage zum Ausgangspunkt von alldem werden konnte. Die Antwort liegt wohl in genau der Kontinuit\u00e4t, die auch dieses Jubil\u00e4um tr\u00e4gt: 25 Jahre, ein Gr\u00fcnder, und ein Netzwerk, das immer noch w\u00e4chst.<\/p>\n<p>&nbsp;<\/p>\n<p>Text, Foto: Thomas K\u00f6nnecke<\/p>\n","protected":false},"excerpt":{"rendered":"<p>521 Aktive aus sieben L\u00e4ndern, 27 Gro\u00dfmeister, zwei Tage Sportzentrum Nord \u2013 Salzburg feierte, was 2001 in der Traunreuter Traunpassage begann. Sieben L\u00e4nder, 521 Teilnehmer, ein Wochenende: Im Salzburger Sportzentrum Nord ist Mitte Juli gefeiert worden, was vor 25 Jahren in einer Schule mitten in der Traunreuter Traunpassage seinen Anfang nahm. Der Anlass: das Jubil\u00e4um [&hellip;]<\/p>\n","protected":false},"author":2,"featured_media":30970,"comment_status":"closed","ping_status":"closed","sticky":false,"template":"","format":"standard","meta":{"_et_pb_use_builder":"","_et_pb_old_content":"","_et_gb_content_width":"","footnotes":""},"categories":[33,29],"tags":[],"class_list":["post-30969","post","type-post","status-publish","format-standard","has-post-thumbnail","hentry","category-aktuelles","category-vereinsleben","et-has-post-format-content","et_post_format-et-post-format-standard"],"_links":{"self":[{"href":"https:\/\/www.traunreuter-stadtblatt.de\/index.php?rest_route=\/wp\/v2\/posts\/30969","targetHints":{"allow":["GET"]}}],"collection":[{"href":"https:\/\/www.traunreuter-stadtblatt.de\/index.php?rest_route=\/wp\/v2\/posts"}],"about":[{"href":"https:\/\/www.traunreuter-stadtblatt.de\/index.php?rest_route=\/wp\/v2\/types\/post"}],"author":[{"embeddable":true,"href":"https:\/\/www.traunreuter-stadtblatt.de\/index.php?rest_route=\/wp\/v2\/users\/2"}],"replies":[{"embeddable":true,"href":"https:\/\/www.traunreuter-stadtblatt.de\/index.php?rest_route=%2Fwp%2Fv2%2Fcomments&post=30969"}],"version-history":[{"count":1,"href":"https:\/\/www.traunreuter-stadtblatt.de\/index.php?rest_route=\/wp\/v2\/posts\/30969\/revisions"}],"predecessor-version":[{"id":30971,"href":"https:\/\/www.traunreuter-stadtblatt.de\/index.php?rest_route=\/wp\/v2\/posts\/30969\/revisions\/30971"}],"wp:featuredmedia":[{"embeddable":true,"href":"https:\/\/www.traunreuter-stadtblatt.de\/index.php?rest_route=\/wp\/v2\/media\/30970"}],"wp:attachment":[{"href":"https:\/\/www.traunreuter-stadtblatt.de\/index.php?rest_route=%2Fwp%2Fv2%2Fmedia&parent=30969"}],"wp:term":[{"taxonomy":"category","embeddable":true,"href":"https:\/\/www.traunreuter-stadtblatt.de\/index.php?rest_route=%2Fwp%2Fv2%2Fcategories&post=30969"},{"taxonomy":"post_tag","embeddable":true,"href":"https:\/\/www.traunreuter-stadtblatt.de\/index.php?rest_route=%2Fwp%2Fv2%2Ftags&post=30969"}],"curies":[{"name":"wp","href":"https:\/\/api.w.org\/{rel}","templated":true}]}}