{"id":30942,"date":"2026-09-02T14:09:32","date_gmt":"2026-09-02T12:09:32","guid":{"rendered":"https:\/\/www.traunreuter-stadtblatt.de\/?p=30942"},"modified":"2026-09-02T14:09:32","modified_gmt":"2026-09-02T12:09:32","slug":"evangelischer-kindergarten-traunreut-bildet-sich-fuer-eine-ausgewogenere-verpflegung-fort","status":"publish","type":"post","link":"https:\/\/www.traunreuter-stadtblatt.de\/?p=30942","title":{"rendered":"Evangelischer Kindergarten Traunreut bildet sich  f\u00fcr eine ausgewogenere Verpflegung fort"},"content":{"rendered":"<p><em>Foto: Alina Schmitt (AELF Ebersberg-Erding, Coach), Martina Fink (AELF Ebersberg-Erding, Coach), Manuela Ahne (Evangelischer Kindergarten Traunreut, Einrichtungsleitung), Alexandra Orwat (Evangelischer Kindergarten Traunreut, Verpflegungsbeauftragte), Reinhard Menzel (AELF Ebersberg-Erding, Beh\u00f6rdenleiter)<\/em><\/p>\n<p>&nbsp;<\/p>\n<p><strong>Seit September 2025 bietet der evangelische Kindergarten Traunreut eine Vollverpflegung mit Fr\u00fchst\u00fcck vom Kindergarten und Mittagessen des Wilhelm-L\u00f6he-Service an. Der Integrationskindergarten kann so eine ausgewogenere Ern\u00e4hrung garantieren und unterst\u00fctzt damit die Gleichberechtigung.<\/strong><\/p>\n<p>Um das Verpflegungskonzept zu optimieren nahmen die Kitaleitung Manuela Ahne und die verpflegungsbeauftragte Erzieherin Alexandra Orwat an dem Coaching Kita- und Schulverpflegung der \u00c4mter f\u00fcr Ern\u00e4hrung, Landwirtschaft und Forsten (AELF Ebersberg) teil. Neben dem Hauptthema \u201eVollverpflegung\u201c wurden beispielsweise die M\u00fcllvermeidung, Verbesserung des Fr\u00fchst\u00fccks und Komponenten des Mittagessens thematisiert. Mithilfe eines Essensplan-Checks wurden die Ausgewogenheit der Mahlzeiten \u00fcberpr\u00fcft.<\/p>\n<p>Auch der Austausch mit dem Caterer wurde intensiviert. Mit der Anpassung des Speiseplans an die bayerischen Richtlinien erzielte die Einrichtung nicht nur im Coaching Erfolge, sondern auch bei den Kindern: diese sind offener f\u00fcr Neues, erhalten durch die Bevorzugung von Gefl\u00fcgel und Rindfleisch nun alle das gleiche Essen und k\u00f6nnen mehr mitbestimmen.<\/p>\n<p>Denn auch in Zukunft soll sich noch etwas \u00e4ndern: ab September wird der Geburtstagskuchen der Kinder, den sie sich dann selbst aussuchen d\u00fcrfen, im Kindergarten gemeinsam gebacken. Am 23. Juli fand am Pfl\u00fcglerhof in Neufahrn nach einer kurzen F\u00fchrung die Abschlussveranstaltung des Coachings und somit die Urkundenverleihung statt.<\/p>\n<p>&nbsp;<\/p>\n<p>Text: Alexandra Orwat; Bild: AELF Ebersberg<\/p>\n","protected":false},"excerpt":{"rendered":"<p>Foto: Alina Schmitt (AELF Ebersberg-Erding, Coach), Martina Fink (AELF Ebersberg-Erding, Coach), Manuela Ahne (Evangelischer Kindergarten Traunreut, Einrichtungsleitung), Alexandra Orwat (Evangelischer Kindergarten Traunreut, Verpflegungsbeauftragte), Reinhard Menzel (AELF Ebersberg-Erding, Beh\u00f6rdenleiter) &nbsp; Seit September 2025 bietet der evangelische Kindergarten Traunreut eine Vollverpflegung mit Fr\u00fchst\u00fcck vom Kindergarten und Mittagessen des Wilhelm-L\u00f6he-Service an. Der Integrationskindergarten kann so eine ausgewogenere Ern\u00e4hrung [&hellip;]<\/p>\n","protected":false},"author":2,"featured_media":30943,"comment_status":"closed","ping_status":"closed","sticky":false,"template":"","format":"standard","meta":{"_et_pb_use_builder":"","_et_pb_old_content":"","_et_gb_content_width":"","footnotes":""},"categories":[30],"tags":[],"class_list":["post-30942","post","type-post","status-publish","format-standard","has-post-thumbnail","hentry","category-schulen-kiga","et-has-post-format-content","et_post_format-et-post-format-standard"],"_links":{"self":[{"href":"https:\/\/www.traunreuter-stadtblatt.de\/index.php?rest_route=\/wp\/v2\/posts\/30942","targetHints":{"allow":["GET"]}}],"collection":[{"href":"https:\/\/www.traunreuter-stadtblatt.de\/index.php?rest_route=\/wp\/v2\/posts"}],"about":[{"href":"https:\/\/www.traunreuter-stadtblatt.de\/index.php?rest_route=\/wp\/v2\/types\/post"}],"author":[{"embeddable":true,"href":"https:\/\/www.traunreuter-stadtblatt.de\/index.php?rest_route=\/wp\/v2\/users\/2"}],"replies":[{"embeddable":true,"href":"https:\/\/www.traunreuter-stadtblatt.de\/index.php?rest_route=%2Fwp%2Fv2%2Fcomments&post=30942"}],"version-history":[{"count":1,"href":"https:\/\/www.traunreuter-stadtblatt.de\/index.php?rest_route=\/wp\/v2\/posts\/30942\/revisions"}],"predecessor-version":[{"id":30944,"href":"https:\/\/www.traunreuter-stadtblatt.de\/index.php?rest_route=\/wp\/v2\/posts\/30942\/revisions\/30944"}],"wp:featuredmedia":[{"embeddable":true,"href":"https:\/\/www.traunreuter-stadtblatt.de\/index.php?rest_route=\/wp\/v2\/media\/30943"}],"wp:attachment":[{"href":"https:\/\/www.traunreuter-stadtblatt.de\/index.php?rest_route=%2Fwp%2Fv2%2Fmedia&parent=30942"}],"wp:term":[{"taxonomy":"category","embeddable":true,"href":"https:\/\/www.traunreuter-stadtblatt.de\/index.php?rest_route=%2Fwp%2Fv2%2Fcategories&post=30942"},{"taxonomy":"post_tag","embeddable":true,"href":"https:\/\/www.traunreuter-stadtblatt.de\/index.php?rest_route=%2Fwp%2Fv2%2Ftags&post=30942"}],"curies":[{"name":"wp","href":"https:\/\/api.w.org\/{rel}","templated":true}]}}