{"id":30926,"date":"2026-09-02T13:53:06","date_gmt":"2026-09-02T11:53:06","guid":{"rendered":"https:\/\/www.traunreuter-stadtblatt.de\/?p=30926"},"modified":"2026-09-02T13:53:06","modified_gmt":"2026-09-02T11:53:06","slug":"gruenguttage-im-herbst","status":"publish","type":"post","link":"https:\/\/www.traunreuter-stadtblatt.de\/?p=30926","title":{"rendered":"Gr\u00fcnguttage im Herbst"},"content":{"rendered":"<p>Innenstadt: Donnerstag, 17. September \u2013 Container-Standorte: Keplerweg, M\u00fcnchener Stra\u00dfe (Betriebshof Friedhof), Schillerstra\u00dfe und Traunsteiner Stra\u00dfe | Au\u00dfenbereiche: Freitag, 18. September &#8211; Container-Standorte: Stein Fasanenj\u00e4ger, Stein Kl\u00e4rwerk, Sankt Georgen Sportplatz, Traunwalchen Friedhof<\/p>\n<p>Abgabe ist jeweils von 12:30 Uhr bis 15:30 Uhr. Es werden nur Kleinmengen bis 1,0 m\u00b3 und einer Astl\u00e4nge von 0,5 m angenommen. Weitere Termine 2026: 8.\/9. Oktober, 29.\/30. Oktober, 12.\/13. November.<\/p>\n","protected":false},"excerpt":{"rendered":"<p>Innenstadt: Donnerstag, 17. September \u2013 Container-Standorte: Keplerweg, M\u00fcnchener Stra\u00dfe (Betriebshof Friedhof), Schillerstra\u00dfe und Traunsteiner Stra\u00dfe | Au\u00dfenbereiche: Freitag, 18. September &#8211; Container-Standorte: Stein Fasanenj\u00e4ger, Stein Kl\u00e4rwerk, Sankt Georgen Sportplatz, Traunwalchen Friedhof Abgabe ist jeweils von 12:30 Uhr bis 15:30 Uhr. Es werden nur Kleinmengen bis 1,0 m\u00b3 und einer Astl\u00e4nge von 0,5 m angenommen. Weitere [&hellip;]<\/p>\n","protected":false},"author":2,"featured_media":30927,"comment_status":"closed","ping_status":"closed","sticky":false,"template":"","format":"standard","meta":{"_et_pb_use_builder":"","_et_pb_old_content":"","_et_gb_content_width":"","footnotes":""},"categories":[32],"tags":[],"class_list":["post-30926","post","type-post","status-publish","format-standard","has-post-thumbnail","hentry","category-veranstaltungen","et-has-post-format-content","et_post_format-et-post-format-standard"],"_links":{"self":[{"href":"https:\/\/www.traunreuter-stadtblatt.de\/index.php?rest_route=\/wp\/v2\/posts\/30926","targetHints":{"allow":["GET"]}}],"collection":[{"href":"https:\/\/www.traunreuter-stadtblatt.de\/index.php?rest_route=\/wp\/v2\/posts"}],"about":[{"href":"https:\/\/www.traunreuter-stadtblatt.de\/index.php?rest_route=\/wp\/v2\/types\/post"}],"author":[{"embeddable":true,"href":"https:\/\/www.traunreuter-stadtblatt.de\/index.php?rest_route=\/wp\/v2\/users\/2"}],"replies":[{"embeddable":true,"href":"https:\/\/www.traunreuter-stadtblatt.de\/index.php?rest_route=%2Fwp%2Fv2%2Fcomments&post=30926"}],"version-history":[{"count":1,"href":"https:\/\/www.traunreuter-stadtblatt.de\/index.php?rest_route=\/wp\/v2\/posts\/30926\/revisions"}],"predecessor-version":[{"id":30928,"href":"https:\/\/www.traunreuter-stadtblatt.de\/index.php?rest_route=\/wp\/v2\/posts\/30926\/revisions\/30928"}],"wp:featuredmedia":[{"embeddable":true,"href":"https:\/\/www.traunreuter-stadtblatt.de\/index.php?rest_route=\/wp\/v2\/media\/30927"}],"wp:attachment":[{"href":"https:\/\/www.traunreuter-stadtblatt.de\/index.php?rest_route=%2Fwp%2Fv2%2Fmedia&parent=30926"}],"wp:term":[{"taxonomy":"category","embeddable":true,"href":"https:\/\/www.traunreuter-stadtblatt.de\/index.php?rest_route=%2Fwp%2Fv2%2Fcategories&post=30926"},{"taxonomy":"post_tag","embeddable":true,"href":"https:\/\/www.traunreuter-stadtblatt.de\/index.php?rest_route=%2Fwp%2Fv2%2Ftags&post=30926"}],"curies":[{"name":"wp","href":"https:\/\/api.w.org\/{rel}","templated":true}]}}