{"id":30922,"date":"2026-09-02T13:49:21","date_gmt":"2026-09-02T11:49:21","guid":{"rendered":"https:\/\/www.traunreuter-stadtblatt.de\/?p=30922"},"modified":"2026-09-02T13:49:21","modified_gmt":"2026-09-02T11:49:21","slug":"buergerversammlungen-2026","status":"publish","type":"post","link":"https:\/\/www.traunreuter-stadtblatt.de\/?p=30922","title":{"rendered":"B\u00fcrgerversammlungen 2026"},"content":{"rendered":"<p>Auch in diesem Jahr informiert die Stadt Traunreut bei vier Veranstaltungen \u00fcber aktuelle Themen und Projekte. Nach einem Bericht des Ersten B\u00fcrgermeisters Hans-Peter Dangschat k\u00f6nnen Besucherinnen und Besucher an Infost\u00e4nden der verschiedenen Bereiche direkt mit ihm und den Mitarbeitenden ins Gespr\u00e4ch kommen. Neben drei Pr\u00e4senzveranstaltungen wird auf <a href=\"http:\/\/www.traunreut.de\">www.traunreut.de<\/a> und auf den Social-Media-Kan\u00e4len der Stadt auch wieder eine virtuelle B\u00fcrgerversammlung angeboten. Fragen k\u00f6nnen gerne auch vorab eingereicht werden.<\/p>\n<p><strong>Termine (Beginn ist jeweils um 19 Uhr)<\/strong><br \/>\nMittwoch, 30. September | k1 Traunreut<br \/>\nDienstag, 20. Oktober | Carl-Orff-Grundschule Traunwalchen<br \/>\nMittwoch, 21. Oktober | Sonnenschule Sankt Georgen<br \/>\nMittwoch, 28. Oktober | www.traunreut.de, Instagram, Facebook, TikTok und YouTube<\/p>\n<p><img loading=\"lazy\" decoding=\"async\" class=\"alignnone  wp-image-30924\" src=\"https:\/\/www.traunreuter-stadtblatt.de\/wp-content\/uploads\/2026\/09\/93x130mm_BV_Stadtblatt_September.jpg\" alt=\"\" width=\"471\" height=\"658\" srcset=\"https:\/\/www.traunreuter-stadtblatt.de\/wp-content\/uploads\/2026\/09\/93x130mm_BV_Stadtblatt_September.jpg 1098w, https:\/\/www.traunreuter-stadtblatt.de\/wp-content\/uploads\/2026\/09\/93x130mm_BV_Stadtblatt_September-215x300.jpg 215w, https:\/\/www.traunreuter-stadtblatt.de\/wp-content\/uploads\/2026\/09\/93x130mm_BV_Stadtblatt_September-768x1074.jpg 768w, https:\/\/www.traunreuter-stadtblatt.de\/wp-content\/uploads\/2026\/09\/93x130mm_BV_Stadtblatt_September-1080x1510.jpg 1080w\" sizes=\"(max-width: 471px) 100vw, 471px\" \/><\/p>\n","protected":false},"excerpt":{"rendered":"<p>Auch in diesem Jahr informiert die Stadt Traunreut bei vier Veranstaltungen \u00fcber aktuelle Themen und Projekte. Nach einem Bericht des Ersten B\u00fcrgermeisters Hans-Peter Dangschat k\u00f6nnen Besucherinnen und Besucher an Infost\u00e4nden der verschiedenen Bereiche direkt mit ihm und den Mitarbeitenden ins Gespr\u00e4ch kommen. Neben drei Pr\u00e4senzveranstaltungen wird auf www.traunreut.de und auf den Social-Media-Kan\u00e4len der Stadt auch [&hellip;]<\/p>\n","protected":false},"author":2,"featured_media":30923,"comment_status":"closed","ping_status":"closed","sticky":false,"template":"","format":"standard","meta":{"_et_pb_use_builder":"","_et_pb_old_content":"","_et_gb_content_width":"","footnotes":""},"categories":[33,32],"tags":[],"class_list":["post-30922","post","type-post","status-publish","format-standard","has-post-thumbnail","hentry","category-aktuelles","category-veranstaltungen","et-has-post-format-content","et_post_format-et-post-format-standard"],"_links":{"self":[{"href":"https:\/\/www.traunreuter-stadtblatt.de\/index.php?rest_route=\/wp\/v2\/posts\/30922","targetHints":{"allow":["GET"]}}],"collection":[{"href":"https:\/\/www.traunreuter-stadtblatt.de\/index.php?rest_route=\/wp\/v2\/posts"}],"about":[{"href":"https:\/\/www.traunreuter-stadtblatt.de\/index.php?rest_route=\/wp\/v2\/types\/post"}],"author":[{"embeddable":true,"href":"https:\/\/www.traunreuter-stadtblatt.de\/index.php?rest_route=\/wp\/v2\/users\/2"}],"replies":[{"embeddable":true,"href":"https:\/\/www.traunreuter-stadtblatt.de\/index.php?rest_route=%2Fwp%2Fv2%2Fcomments&post=30922"}],"version-history":[{"count":1,"href":"https:\/\/www.traunreuter-stadtblatt.de\/index.php?rest_route=\/wp\/v2\/posts\/30922\/revisions"}],"predecessor-version":[{"id":30925,"href":"https:\/\/www.traunreuter-stadtblatt.de\/index.php?rest_route=\/wp\/v2\/posts\/30922\/revisions\/30925"}],"wp:featuredmedia":[{"embeddable":true,"href":"https:\/\/www.traunreuter-stadtblatt.de\/index.php?rest_route=\/wp\/v2\/media\/30923"}],"wp:attachment":[{"href":"https:\/\/www.traunreuter-stadtblatt.de\/index.php?rest_route=%2Fwp%2Fv2%2Fmedia&parent=30922"}],"wp:term":[{"taxonomy":"category","embeddable":true,"href":"https:\/\/www.traunreuter-stadtblatt.de\/index.php?rest_route=%2Fwp%2Fv2%2Fcategories&post=30922"},{"taxonomy":"post_tag","embeddable":true,"href":"https:\/\/www.traunreuter-stadtblatt.de\/index.php?rest_route=%2Fwp%2Fv2%2Ftags&post=30922"}],"curies":[{"name":"wp","href":"https:\/\/api.w.org\/{rel}","templated":true}]}}