{"id":28266,"date":"2025-10-28T14:44:18","date_gmt":"2025-10-28T13:44:18","guid":{"rendered":"https:\/\/www.traunreuter-stadtblatt.de\/?p=28266"},"modified":"2025-10-28T14:44:18","modified_gmt":"2025-10-28T13:44:18","slug":"freie-waehler-bleiben-unter-bewaehrter-fuehrung","status":"publish","type":"post","link":"https:\/\/www.traunreuter-stadtblatt.de\/?p=28266","title":{"rendered":"FREIE W\u00c4HLER bleiben unter bew\u00e4hrter F\u00fchrung"},"content":{"rendered":"<h4><strong>\u00d6ffentliche und transparente Kommunalpolitik im Fokus<\/strong><\/h4>\n<p><strong>Am Dienstag fand die j\u00e4hrliche Jahreshauptversammlung der Freien W\u00e4hler Traunreut e.V. statt. Vorsitzender Adolf Trenker konnte zur Er\u00f6ffnung viele Vereinsmitglieder und G\u00e4ste im Saal des Dorfwirts in St.Georgen begr\u00fc\u00dfen. Als Ehrengast war der stellv. Vorsitzende des FW\/UW Kreisverbands und Siegsdorfs B\u00fcrgermeister, Thomas Kamm, erschienen.<\/strong><\/p>\n<p>Neben den T\u00e4tigkeits- und Kassenberichten musste auch die turnusm\u00e4\u00dfige Wahl der Vorstandschaft durchgef\u00fchrt werden. In seinem Rechenschaftsbericht ging Trenker auf die vielen T\u00e4tigkeiten im vergangene Vereinsjahr ein.<br \/>\nIm Fokus standen dabei die Bundestagswahl sowie die n\u00f6tig gewordene Wahl des Landrats. Bei beiden Wahlen engagierte man sich stark mit Plakat- und Videoaktionen, Infost\u00e4nden und Veranstaltungen zur Unterst\u00fctzung der jeweiligen Kandidaten. \u201eZur gro\u00dfen Freude aller, konnte sich unser Mann, Andi Danzer, bei der Stichwahl Mitte Juli mit einem deutlichen Ergebnis durchsetzen, so dass wir Freie W\u00e4hler nun den Landrat im Landkreis Traunstein stellen\u201c, freute sich der Vorsitzende. Dieser Erfolg wurde noch einmal mit gro\u00dfem Applaus der Anwesenden gew\u00fcrdigt.<\/p>\n<p>Ein weiterer H\u00f6hepunkt im Vereinsjahr war die zweigeteilte Veranstaltung \u201eSchule 2030\u201c zu der sowohl Andi Danzer als auch MdL Dr. Martin Brunnhuber anwesend waren. Dabei wurde im ersten Teil die Grundschule Nord samt Baustelle besichtigt, sowie ein anschlie\u00dfender Informationsabend als zweiter Teil abgehalten.<br \/>\nDr. Martin Brunnhuber fungierte als Hauptredner und nahm sich abschlie\u00dfend noch Zeit f\u00fcr Fragen aus dem Publikum.<\/p>\n<p>Beim Kassenbericht stellte Schatzmeister Matthias Bauregger die Einnahmen und Ausgaben in gewohnter, sachlicher Manier vor. Des Weiteren gab er Auskunft \u00fcber die Kontost\u00e4nde des Vereins.<br \/>\n\u201eF\u00fcr unsere Kasse war es ein erfreuliches Jahr\u201c, stellte er zufrieden in seinem Res\u00fcmee fest, da man mit einem deutlichen \u00dcberschuss abgeschlossen habe. Auch die Kontrolle der Revisoren hielt die Kassenf\u00fchrung stand. In einer schriftlich abgegeben Erkl\u00e4rung, welche durch Thomas Kamm verlesen wurde, empfahl Leonhard Fellgiebel der Versammlung die Entlastung des Schatzmeisters sowie der Vorstandschaft. Des Weiteren lobte er die vorbildliche und exakte Arbeitsweise von Matthias Bauregger. Bei der folgenden Abstimmung wurde die Entlastung mit Einstimmigkeit durchgef\u00fchrt.<\/p>\n<p>Ein H\u00f6hepunkt des Abends stellten die Neuwahlen dar. Allerdings wurde alles gut durch den Vorsitzenden im Vorfeld vorbereitet so dass alle Wahlg\u00e4nge z\u00fcgig durchgef\u00fchrt und alle \u00c4mter ohne \u00dcberraschungen besetzt werden konnten. So blieb unter der Wahlleitung von Thomas Kamm bis auf eine kleine \u00c4nderung alles beim Alten. Erster Vorsitzender ist weiterhin Adolf Trenker, seine gleichberechtigten Stellvertreter sind Konrad Unterstein, Kai-Holger Seidel und Veronika Obermeier. Schatzmeister ist Matthias Bauregger und Schriftf\u00fchrerin ist Marion Schoser. Als Revisor fungiert weiterhin Leonhard Fellgiebel.<\/p>\n<p>Die einzige \u00c4nderung betrifft den Posten des zweiten Revisors. Janina Fellgiebel kandidierte nicht mehr, so dass nun Josef Blank neu ins Team gew\u00e4hlt wurde. Als Delegierte wurden wieder Konrad Unterstein und Leonhard Fellgiebel gew\u00e4hlt. Stellvertreter sind Konrad Blank und Kai-Holger Seidel.<\/p>\n<p>Zum Abschluss der Veranstaltung ging Konrad Unterstein noch auf die Kommunalwahlen ein. Er stellte die bisherige Arbeit der FW- Stadtratsfraktion vor und ging dabei auf Antr\u00e4ge zur Fr\u00fchlinger Spitz Stra\u00dfe, Kantstra\u00dfe, Neubaugebiet Stocket, Umtrassierung der B304 und der st\u00e4dtischen Energieversorgung ein. Dabei erkl\u00e4rte er kurz in Ausz\u00fcgen die Arbeitsschritte und zeigte dazu passende Bilder. \u201eSo schlecht scheint unsere urspr\u00fcngliche Idee f\u00fcr die Fr\u00fchlinger Spitz Stra\u00dfe nicht gewesen zu sein, wenn man sie nun doch so baut wie wir es seit jeher forderten\u201c, stellte Unterstein fest.<\/p>\n<p>Des Weiteren er\u00f6rterte er eine Stellungnahme zum Neubau der Grundschule Nord. Derzeit laufen noch zwei Antr\u00e4ge. Zum einen ist das die Errichtung eines Kreisverkehrs an der St2104 \/ Trostberger Stra\u00dfe. Und zum anderen stellten wir einen ein Antrag zur mobilen Begr\u00fcnung des Rathausplatzes.<\/p>\n<p>Abschlie\u00dfend stellte er fest: \u201eMan sieht wir sind flei\u00dfig, und dass das so bleibt, brauchen wir weiterhin eine starke Stimme im Traunreuter Stadtrat. Wir Freie W\u00e4hler stehen f\u00fcr Meinungsvielheit sowie \u00f6ffentliche und transparente Kommunalpolitik. Vom stillen K\u00e4mmerlein halten wir nichts!\u201c<\/p>\n<p>Die Vorbereitungen zur Kommunalwahl laufen bereits auf Hochtouren und die Fraktion freut sich bereits auf die bevorstehende Zeit. Nach dem offiziellen Teil klang der Abend bei vielen Gespr\u00e4chen in gem\u00fctlicher Runde aus.<\/p>\n<p><em>Text, Foto: Freie W\u00e4hler<\/em><\/p>\n","protected":false},"excerpt":{"rendered":"<p>\u00d6ffentliche und transparente Kommunalpolitik im Fokus Am Dienstag fand die j\u00e4hrliche Jahreshauptversammlung der Freien W\u00e4hler Traunreut e.V. statt. Vorsitzender Adolf Trenker konnte zur Er\u00f6ffnung viele Vereinsmitglieder und G\u00e4ste im Saal des Dorfwirts in St.Georgen begr\u00fc\u00dfen. Als Ehrengast war der stellv. Vorsitzende des FW\/UW Kreisverbands und Siegsdorfs B\u00fcrgermeister, Thomas Kamm, erschienen. Neben den T\u00e4tigkeits- und Kassenberichten [&hellip;]<\/p>\n","protected":false},"author":2,"featured_media":28267,"comment_status":"closed","ping_status":"closed","sticky":false,"template":"","format":"standard","meta":{"_et_pb_use_builder":"","_et_pb_old_content":"","_et_gb_content_width":"","footnotes":""},"categories":[28],"tags":[],"class_list":["post-28266","post","type-post","status-publish","format-standard","has-post-thumbnail","hentry","category-stadtleben","et-has-post-format-content","et_post_format-et-post-format-standard"],"_links":{"self":[{"href":"https:\/\/www.traunreuter-stadtblatt.de\/index.php?rest_route=\/wp\/v2\/posts\/28266","targetHints":{"allow":["GET"]}}],"collection":[{"href":"https:\/\/www.traunreuter-stadtblatt.de\/index.php?rest_route=\/wp\/v2\/posts"}],"about":[{"href":"https:\/\/www.traunreuter-stadtblatt.de\/index.php?rest_route=\/wp\/v2\/types\/post"}],"author":[{"embeddable":true,"href":"https:\/\/www.traunreuter-stadtblatt.de\/index.php?rest_route=\/wp\/v2\/users\/2"}],"replies":[{"embeddable":true,"href":"https:\/\/www.traunreuter-stadtblatt.de\/index.php?rest_route=%2Fwp%2Fv2%2Fcomments&post=28266"}],"version-history":[{"count":1,"href":"https:\/\/www.traunreuter-stadtblatt.de\/index.php?rest_route=\/wp\/v2\/posts\/28266\/revisions"}],"predecessor-version":[{"id":28268,"href":"https:\/\/www.traunreuter-stadtblatt.de\/index.php?rest_route=\/wp\/v2\/posts\/28266\/revisions\/28268"}],"wp:featuredmedia":[{"embeddable":true,"href":"https:\/\/www.traunreuter-stadtblatt.de\/index.php?rest_route=\/wp\/v2\/media\/28267"}],"wp:attachment":[{"href":"https:\/\/www.traunreuter-stadtblatt.de\/index.php?rest_route=%2Fwp%2Fv2%2Fmedia&parent=28266"}],"wp:term":[{"taxonomy":"category","embeddable":true,"href":"https:\/\/www.traunreuter-stadtblatt.de\/index.php?rest_route=%2Fwp%2Fv2%2Fcategories&post=28266"},{"taxonomy":"post_tag","embeddable":true,"href":"https:\/\/www.traunreuter-stadtblatt.de\/index.php?rest_route=%2Fwp%2Fv2%2Ftags&post=28266"}],"curies":[{"name":"wp","href":"https:\/\/api.w.org\/{rel}","templated":true}]}}