{"id":28248,"date":"2025-10-28T14:36:02","date_gmt":"2025-10-28T13:36:02","guid":{"rendered":"https:\/\/www.traunreuter-stadtblatt.de\/?p=28248"},"modified":"2025-10-28T14:36:37","modified_gmt":"2025-10-28T13:36:37","slug":"infofahrt-feuerwehr-traunreut-e-v","status":"publish","type":"post","link":"https:\/\/www.traunreuter-stadtblatt.de\/?p=28248","title":{"rendered":"Infofahrt Feuerwehr Traunreut e.V"},"content":{"rendered":"<p><strong>Am K\u00f6schinger Forst gab es die obligatorische Vereinsbrotzeit. Nachmittags in W\u00fcrzburg angekommen stand eine Schiffsfahrt bei sommerlichen Temperaturen nach Veitsh\u00f6chheim auf dem Programm.<\/strong><\/p>\n<p>Anschlie\u00dfend ging es weiter zum Weltkulturerbe der Residenz. Nach einem gemeinsamen Abendessen wurde das W\u00fcrzburger Stadtfest besucht.<\/p>\n<p>Sonntags nach dem Fr\u00fchst\u00fcck ging es wieder Richtung Heimat mit einem Besuch unserer befreundeten Kameraden der FF. Krautheim. Hier wurde f\u00fcr uns eine Ger\u00e4tehausf\u00fchrung organisiert und ihre Einsatzfahrzeuge wurden uns pr\u00e4sentiert. Nach einem gemeinsamen Mittagsessen mit einer kleinen Weinprobe ging die Fahrt mit unseren Busfahrer Spiro von Baden-W\u00fcrttemberg Richtung Aschheim unseren letzten Stopp zu einem gemeinsamen Abendessen bevor wir wieder in Traunreut ankamen.<\/p>\n<p>Ein Vereinsausflug, st\u00e4rkt den Zusammenhalt, f\u00f6rdert das soziale miteinander \u00fcber Altersgrenzen hinweg und bietet den Feuerwehrlern eine willkommene Abwechslung zu ihren zahlreichen Eins\u00e4tzen und Vereinst\u00e4tigkeiten laut denVorsitzenden.<\/p>\n<p><em>Text, Foto: Feuerwehr Traunreut<\/em><\/p>\n","protected":false},"excerpt":{"rendered":"<p>Am K\u00f6schinger Forst gab es die obligatorische Vereinsbrotzeit. Nachmittags in W\u00fcrzburg angekommen stand eine Schiffsfahrt bei sommerlichen Temperaturen nach Veitsh\u00f6chheim auf dem Programm. Anschlie\u00dfend ging es weiter zum Weltkulturerbe der Residenz. Nach einem gemeinsamen Abendessen wurde das W\u00fcrzburger Stadtfest besucht. Sonntags nach dem Fr\u00fchst\u00fcck ging es wieder Richtung Heimat mit einem Besuch unserer befreundeten Kameraden [&hellip;]<\/p>\n","protected":false},"author":2,"featured_media":28249,"comment_status":"closed","ping_status":"closed","sticky":false,"template":"","format":"standard","meta":{"_et_pb_use_builder":"","_et_pb_old_content":"","_et_gb_content_width":"","footnotes":""},"categories":[29],"tags":[],"class_list":["post-28248","post","type-post","status-publish","format-standard","has-post-thumbnail","hentry","category-vereinsleben","et-has-post-format-content","et_post_format-et-post-format-standard"],"_links":{"self":[{"href":"https:\/\/www.traunreuter-stadtblatt.de\/index.php?rest_route=\/wp\/v2\/posts\/28248","targetHints":{"allow":["GET"]}}],"collection":[{"href":"https:\/\/www.traunreuter-stadtblatt.de\/index.php?rest_route=\/wp\/v2\/posts"}],"about":[{"href":"https:\/\/www.traunreuter-stadtblatt.de\/index.php?rest_route=\/wp\/v2\/types\/post"}],"author":[{"embeddable":true,"href":"https:\/\/www.traunreuter-stadtblatt.de\/index.php?rest_route=\/wp\/v2\/users\/2"}],"replies":[{"embeddable":true,"href":"https:\/\/www.traunreuter-stadtblatt.de\/index.php?rest_route=%2Fwp%2Fv2%2Fcomments&post=28248"}],"version-history":[{"count":2,"href":"https:\/\/www.traunreuter-stadtblatt.de\/index.php?rest_route=\/wp\/v2\/posts\/28248\/revisions"}],"predecessor-version":[{"id":28252,"href":"https:\/\/www.traunreuter-stadtblatt.de\/index.php?rest_route=\/wp\/v2\/posts\/28248\/revisions\/28252"}],"wp:featuredmedia":[{"embeddable":true,"href":"https:\/\/www.traunreuter-stadtblatt.de\/index.php?rest_route=\/wp\/v2\/media\/28249"}],"wp:attachment":[{"href":"https:\/\/www.traunreuter-stadtblatt.de\/index.php?rest_route=%2Fwp%2Fv2%2Fmedia&parent=28248"}],"wp:term":[{"taxonomy":"category","embeddable":true,"href":"https:\/\/www.traunreuter-stadtblatt.de\/index.php?rest_route=%2Fwp%2Fv2%2Fcategories&post=28248"},{"taxonomy":"post_tag","embeddable":true,"href":"https:\/\/www.traunreuter-stadtblatt.de\/index.php?rest_route=%2Fwp%2Fv2%2Ftags&post=28248"}],"curies":[{"name":"wp","href":"https:\/\/api.w.org\/{rel}","templated":true}]}}