{"id":28243,"date":"2025-10-28T14:35:06","date_gmt":"2025-10-28T13:35:06","guid":{"rendered":"https:\/\/www.traunreuter-stadtblatt.de\/?p=28243"},"modified":"2025-10-28T14:35:06","modified_gmt":"2025-10-28T13:35:06","slug":"116-mutige-teilnehmer-beim-traunwalchner-vereinspreisplatteln","status":"publish","type":"post","link":"https:\/\/www.traunreuter-stadtblatt.de\/?p=28243","title":{"rendered":"116 mutige Teilnehmer beim Traunwalchner Vereinspreisplatteln"},"content":{"rendered":"<div id=\"attachment_28246\" style=\"width: 161px\" class=\"wp-caption alignleft\"><img loading=\"lazy\" decoding=\"async\" aria-describedby=\"caption-attachment-28246\" class=\"wp-image-28246\" src=\"https:\/\/www.traunreuter-stadtblatt.de\/wp-content\/uploads\/2025\/10\/20251017_203005.jpg\" alt=\"v.l. Markus Schupfner, Amelie Schneider, Marina Huber \" width=\"151\" height=\"225\" srcset=\"https:\/\/www.traunreuter-stadtblatt.de\/wp-content\/uploads\/2025\/10\/20251017_203005.jpg 1277w, https:\/\/www.traunreuter-stadtblatt.de\/wp-content\/uploads\/2025\/10\/20251017_203005-201x300.jpg 201w, https:\/\/www.traunreuter-stadtblatt.de\/wp-content\/uploads\/2025\/10\/20251017_203005-768x1147.jpg 768w, https:\/\/www.traunreuter-stadtblatt.de\/wp-content\/uploads\/2025\/10\/20251017_203005-1029x1536.jpg 1029w, https:\/\/www.traunreuter-stadtblatt.de\/wp-content\/uploads\/2025\/10\/20251017_203005-1080x1613.jpg 1080w\" sizes=\"(max-width: 151px) 100vw, 151px\" \/><p id=\"caption-attachment-28246\" class=\"wp-caption-text\">v.l. Markus Schupfner, Amelie Schneider, Marina Huber<\/p><\/div>\n<p><strong>\u201eIch bin mutig und stark\u201c war in diesem Jahr, angelehnt an das k\u00fcrzlich aufgef\u00fchrte Kindertheaterst\u00fcck des Vereins, auch das Motto beim Vereinspreisplatteln des GTEV d\u00b4Traunviertler Traunwalchen. Selbst die Allerkleinsten, die zum Teil erst kurz dabei sind, durften ihr K\u00f6nnen unter Beweis stellen. Diese erhielten zwar keine Wertung, trotzdem waren alle Eltern und Kinder sichtlich stolz, was in wenigen Wochen erlernt werden konnte.<\/strong><\/p>\n<p>Insgesamt 116 Teilnehmer aus Kinder- und Jugendgruppe, den Aktiven und der Altersklasse verglichen sich beim diesj\u00e4hrigen Vereinspreisplatteln im Gasthaus Jobst in Rettenbach. W\u00e4hrend die \u00e4ltesten Jugendlichen Walzer und Gauplattler pr\u00e4sentierten, gl\u00e4nzten die J\u00fcngeren mit verschiedenen Plattlern wie Traunstoana, V\u00f6glf\u00e4nger, Gauschlag, Birkenstoana und schlie\u00dflich dem Heisei bei den Allerkleinsten. In wochenlanger Vorbereitung trainierte das Jugendleiterteam, das aktuell aus 15 Personen besteht, mit den<br \/>\nKindern und Jugendlichen auf die Veranstaltung hin. Gastwirt Benno Jobst und seine Belegschaft sorgten mit Unterst\u00fctzung eines Traunviertler Helferteams erstklassig f\u00fcr das leibliche Wohl im vollbesetzten Veranstaltungssaal des Gasthofes. Die Leistungen der einzelnen Teilnehmer wurden von den Preisrichtern Hubert Siglbauer aus Waging, Waste Brunner aus Nu\u00dfdorf, Martin Probst aus Chieming und Helmut Gra\u00dfl aus Rettenbach bewertet. Musikalisch begleitet wurde die Veranstaltung von Tim Bosch und Musikwart Markus Lieb.<\/p>\n<div id=\"attachment_28245\" style=\"width: 166px\" class=\"wp-caption alignleft\"><img loading=\"lazy\" decoding=\"async\" aria-describedby=\"caption-attachment-28245\" class=\"wp-image-28245\" src=\"https:\/\/www.traunreuter-stadtblatt.de\/wp-content\/uploads\/2025\/10\/20251017_183925.jpg\" alt=\"\" width=\"156\" height=\"237\" srcset=\"https:\/\/www.traunreuter-stadtblatt.de\/wp-content\/uploads\/2025\/10\/20251017_183925.jpg 1522w, https:\/\/www.traunreuter-stadtblatt.de\/wp-content\/uploads\/2025\/10\/20251017_183925-198x300.jpg 198w, https:\/\/www.traunreuter-stadtblatt.de\/wp-content\/uploads\/2025\/10\/20251017_183925-1318x2000.jpg 1318w, https:\/\/www.traunreuter-stadtblatt.de\/wp-content\/uploads\/2025\/10\/20251017_183925-768x1166.jpg 768w, https:\/\/www.traunreuter-stadtblatt.de\/wp-content\/uploads\/2025\/10\/20251017_183925-1012x1536.jpg 1012w, https:\/\/www.traunreuter-stadtblatt.de\/wp-content\/uploads\/2025\/10\/20251017_183925-1349x2048.jpg 1349w, https:\/\/www.traunreuter-stadtblatt.de\/wp-content\/uploads\/2025\/10\/20251017_183925-1080x1639.jpg 1080w\" sizes=\"(max-width: 156px) 100vw, 156px\" \/><p id=\"caption-attachment-28245\" class=\"wp-caption-text\">Leon Grass<\/p><\/div>\n<p><strong>Die Ergebnisse:<\/strong><\/p>\n<p>Dirndl 1A: Eva Walter vor Antonia Behrendt und Klara Ertl<br \/>\nBuam 1A: Valentin Parzinger vor Christoph Starzer und Vitus Bisiok<br \/>\nDirndl 1B: Melina Appelt vor Verena Mirbeth und Marlen Starzer<br \/>\nBuam 1B: Felix Lamers vor Jonas Lange und Veit Gallinger<br \/>\nDirndl 2: Maria Janotta vor Helena Ertl und Paula Sollacher<br \/>\nBuam 2: Sebastian Starzer vor Jakob Heisler und Simon Mirbeth<br \/>\nDirndl 3: Amelie Schneider vor Mia Schgl\u00f6gl und Lilli Bisiok<br \/>\nBuam 3: Leon Grass vor Vinzenz Reiter und Valentin Wallner<br \/>\nDirndl 4: Johanna Parzinger vor Leonie Br\u00fcderl und Mariella Bosch<br \/>\nBuam 4: Korbinian Wallner vor Maximilian Theuschl<br \/>\nGruppen: Gruppe \u201eK\u00f6nig\u201c vor Gruppe \u201eOber\u201c und Gruppe \u201eUnter\u201c<\/p>\n<p>Vor der gro\u00dfen Preisverleihung bedankte sich Vorstand Florian Walter bei allen Mitwirkenden, Eltern, G\u00e4sten und Helfern f\u00fcr das harmonische Zusammenarbeiten und den reibungslosen Ablauf der Veranstaltung. Dann wurde der Trachtenjugend eine gro\u00dfe Ehre zuteil: der 1. B\u00fcrgermeister der Stadt Traunreut, Hans-Peter Dangschat, und Brauchtumsreferent Markus Schupfner hatten sich eigens eingefunden, um pers\u00f6nlich die Preise an die Teilnehmer des Wettbewerbs zu \u00fcberreichen und ihnen zur erfolgreichen Teilnahme zu gratulieren.<\/p>\n<p>Statt eines Pokals erhielt jeder Teilnehmer in diesem Jahr einen Rucksack, der von der Zimmerei Kollmeier und dem Versicherungsunternehmen Freisch\u00fctz gestiftet wurde. Dieser eignet sich perfekt f\u00fcr die Vereinsausfl\u00fcge der Trachtenkinder und -jugendlichen. Im Anschluss an das Preisplatteln der Kinder- und Jugendgruppe folgte das Gruppenpreisplatteln der Aktiven und der Altersklasse. F\u00fcr diese gab es einen besonderen \u00dcberraschungseffekt: die vier auftretenden Tanzgruppen wurden so ausgelost, dass die Gruppenkonstellation nur Mitglieder umfasste, die vorher noch nicht zusammen geprobt hatten. Erst kurz vor dem Auftritt wurde das Geheimnis gel\u00fcftet.<br \/>\nDie Traunviertler Traunwalchen sind sehr stolz auf ihren gro\u00dfartigen Nachwuchs und bedanken sich noch einmal ganz herzlich bei allen Mitwirkenden und G\u00e4sten f\u00fcr ihre Unterst\u00fctzung und ihr Interesse.<\/p>\n<p><em>Text, Foto: GTEV D\u00b4Traunviertler Traunwalchen<\/em><\/p>\n","protected":false},"excerpt":{"rendered":"<p>\u201eIch bin mutig und stark\u201c war in diesem Jahr, angelehnt an das k\u00fcrzlich aufgef\u00fchrte Kindertheaterst\u00fcck des Vereins, auch das Motto beim Vereinspreisplatteln des GTEV d\u00b4Traunviertler Traunwalchen. Selbst die Allerkleinsten, die zum Teil erst kurz dabei sind, durften ihr K\u00f6nnen unter Beweis stellen. Diese erhielten zwar keine Wertung, trotzdem waren alle Eltern und Kinder sichtlich stolz, [&hellip;]<\/p>\n","protected":false},"author":2,"featured_media":28244,"comment_status":"closed","ping_status":"closed","sticky":false,"template":"","format":"standard","meta":{"_et_pb_use_builder":"","_et_pb_old_content":"","_et_gb_content_width":"","footnotes":""},"categories":[29],"tags":[],"class_list":["post-28243","post","type-post","status-publish","format-standard","has-post-thumbnail","hentry","category-vereinsleben","et-has-post-format-content","et_post_format-et-post-format-standard"],"_links":{"self":[{"href":"https:\/\/www.traunreuter-stadtblatt.de\/index.php?rest_route=\/wp\/v2\/posts\/28243","targetHints":{"allow":["GET"]}}],"collection":[{"href":"https:\/\/www.traunreuter-stadtblatt.de\/index.php?rest_route=\/wp\/v2\/posts"}],"about":[{"href":"https:\/\/www.traunreuter-stadtblatt.de\/index.php?rest_route=\/wp\/v2\/types\/post"}],"author":[{"embeddable":true,"href":"https:\/\/www.traunreuter-stadtblatt.de\/index.php?rest_route=\/wp\/v2\/users\/2"}],"replies":[{"embeddable":true,"href":"https:\/\/www.traunreuter-stadtblatt.de\/index.php?rest_route=%2Fwp%2Fv2%2Fcomments&post=28243"}],"version-history":[{"count":1,"href":"https:\/\/www.traunreuter-stadtblatt.de\/index.php?rest_route=\/wp\/v2\/posts\/28243\/revisions"}],"predecessor-version":[{"id":28247,"href":"https:\/\/www.traunreuter-stadtblatt.de\/index.php?rest_route=\/wp\/v2\/posts\/28243\/revisions\/28247"}],"wp:featuredmedia":[{"embeddable":true,"href":"https:\/\/www.traunreuter-stadtblatt.de\/index.php?rest_route=\/wp\/v2\/media\/28244"}],"wp:attachment":[{"href":"https:\/\/www.traunreuter-stadtblatt.de\/index.php?rest_route=%2Fwp%2Fv2%2Fmedia&parent=28243"}],"wp:term":[{"taxonomy":"category","embeddable":true,"href":"https:\/\/www.traunreuter-stadtblatt.de\/index.php?rest_route=%2Fwp%2Fv2%2Fcategories&post=28243"},{"taxonomy":"post_tag","embeddable":true,"href":"https:\/\/www.traunreuter-stadtblatt.de\/index.php?rest_route=%2Fwp%2Fv2%2Ftags&post=28243"}],"curies":[{"name":"wp","href":"https:\/\/api.w.org\/{rel}","templated":true}]}}