{"id":28185,"date":"2025-10-28T13:38:19","date_gmt":"2025-10-28T12:38:19","guid":{"rendered":"https:\/\/www.traunreuter-stadtblatt.de\/?p=28185"},"modified":"2026-03-04T12:30:07","modified_gmt":"2026-03-04T11:30:07","slug":"positive-resonanz-auf-buergerversammlungen","status":"publish","type":"post","link":"https:\/\/www.traunreuter-stadtblatt.de\/?p=28185","title":{"rendered":"Positive Resonanz auf B\u00fcrgerversammlungen"},"content":{"rendered":"<h3><strong>Direkter Austausch mit Erstem B\u00fcrgermeister und Rathausmitarbeitenden der Stadt Traunreut \u00fcberzeugt<\/strong><\/h3>\n<p><strong>Drei B\u00fcrgerversammlungen in Pr\u00e4senz und eine virtuelle Veranstaltung hat die Stadt Traunreut in den vergangenen Wochen abgehalten \u2013 und das Interesse war gro\u00df. Insgesamt nutzten knapp 450 B\u00fcrgerinnen und B\u00fcrger die Gelegenheit, mit Erstem B\u00fcrgermeister Hans-Peter Dangschat und den Mitarbeitenden der Stadtverwaltung ins Gespr\u00e4ch zu kommen.<\/strong><\/p>\n<p>\u201eDer Austausch ist mir sehr wichtig. So k\u00f6nnen wir Anliegen schnell und direkt kl\u00e4ren, W\u00fcnsche aufgreifen und weiterverfolgen. Au\u00dferdem ist es mir ein Anliegen, die Arbeit der Verwaltung zu erkl\u00e4ren und aufzuzeigen, wo unsere Zust\u00e4ndigkeiten liegen\u201c, erl\u00e4utert Hans-Peter Dangschat das Konzept. Viele Teilnehmende lobten, dass sie bei den B\u00fcrgerversammlungen sofort die richtigen Ansprechpartner fanden und ihre Anliegen unmittelbar kl\u00e4ren konnten.<\/p>\n<p>In Traunreut stand beim Auftakt am 1. Oktober im k1, zu dem rund 120 B\u00fcrgerinnen und B\u00fcrger kamen, das Thema Sauberkeit im Stadtgebiet im Mittelpunkt. Besonders die Verschmutzung rund um Altkleidercontainer sorgte f\u00fcr Diskussionen. \u201eWir nehmen dieses Problem sehr ernst und k\u00f6nnen den \u00c4rger der Anwohner gut verstehen, auch wenn die Stadt hier nicht direkt eingreifen kann\u201c, erkl\u00e4rte der B\u00fcrgermeister.<\/p>\n<p>In seinem Bericht informierte Dangschat \u00fcber den neuen Kindercampus, der an der Grundschule Nord entsteht \u2013 das gr\u00f6\u00dfte Hochbauprojekt der Stadt. Er betonte, dass Kinderbetreuung und Schule k\u00fcnftig st\u00e4rker gemeinsam gedacht werden m\u00fcssen, um den Bed\u00fcrfnissen junger Familien und den gesetzlichen Vorgaben gerecht zu werden. Das Schulgeb\u00e4ude sowie die Turnhalle sollen bis zum Schuljahr 2027\/2028 fertiggestellt werden, danach folgt der Bau der Kindertagesst\u00e4tte, die den Campus komplettieren wird.<br \/>\nAuch die B\u00fcrgerversammlung in Traunwalchen fand gro\u00dfen Zuspruch. Rund 90 Interessierte kamen am 6. Oktober in die Aula der Carl-Orff-Grundschule, wo es unter anderem um die Belebung des Dorfzentrums und die m\u00f6gliche Ausweisung eines neuen Baugebiets an der Siemensstra\u00dfe ging. In seinem Bericht hob er auch den Neubau der Kindertagesst\u00e4tte in Traunwalchen hervor, die bis Juli 2026 fertiggestellt werden soll. Tr\u00e4ger bleibt der Katholische Kitaverbund Traun-Alz, der auch den bisherigen Kindergarten in Traunwalchen leitet.<\/p>\n<p>Am Montag, 13. Oktober, fand in Sankt Georgen die dritte B\u00fcrgerversammlung statt. Themen waren unter anderem die von der Dr. Johannes Heidenhain GmbH geplanten und bereits im Bau befindlichen Windr\u00e4der im Siebeneichenforst n\u00f6rdlich von Traunreut.<\/p>\n<p>In der gut gef\u00fcllten Aula der Sonnenschule Sankt Georgen bedankte sich B\u00fcrgermeister Hans-Peter Dangschat zudem bei den Mitwirkenden des St. Georgius Vereins: \u201eDer j\u00e4hrlich stattfindende Georgiritt von Stein nach Sankt Georgen ist ein Besuchermagnet und ein Aush\u00e4ngeschild f\u00fcr unsere Stadt. Das ist ein besonderer Schatz \u2013 vor allem, wenn man bedenkt, dass alles ehrenamtlich auf die Beine gestellt wird. Vielen Dank daf\u00fcr.\u201c<\/p>\n<p>In der abschlie\u00dfenden Fragerunde wurden zentrale Themen noch einmal aufgegriffen; besonderes Interesse galt dem geplanten Radweg zwischen Ha\u00dfmoning und Truchtlaching, mit dessen Bau voraussichtlich im ersten Quartal 2026 begonnen werden soll.<\/p>\n<p>Fragen, die bei den Pr\u00e4senzveranstaltungen nicht abschlie\u00dfend beantwortet werden konnten, wurden in der digitalen B\u00fcrgerversammlung am 22. Oktober aufgegriffen und beantwortet. Hier standen die Verantwortlichen der Stadt im Livestream Rede und Antwort.<\/p>\n","protected":false},"excerpt":{"rendered":"<p>Direkter Austausch mit Erstem B\u00fcrgermeister und Rathausmitarbeitenden der Stadt Traunreut \u00fcberzeugt Drei B\u00fcrgerversammlungen in Pr\u00e4senz und eine virtuelle Veranstaltung hat die Stadt Traunreut in den vergangenen Wochen abgehalten \u2013 und das Interesse war gro\u00df. Insgesamt nutzten knapp 450 B\u00fcrgerinnen und B\u00fcrger die Gelegenheit, mit Erstem B\u00fcrgermeister Hans-Peter Dangschat und den Mitarbeitenden der Stadtverwaltung ins Gespr\u00e4ch [&hellip;]<\/p>\n","protected":false},"author":2,"featured_media":28186,"comment_status":"closed","ping_status":"closed","sticky":false,"template":"","format":"standard","meta":{"_et_pb_use_builder":"","_et_pb_old_content":"","_et_gb_content_width":"","footnotes":""},"categories":[28],"tags":[],"class_list":["post-28185","post","type-post","status-publish","format-standard","has-post-thumbnail","hentry","category-stadtleben","et-has-post-format-content","et_post_format-et-post-format-standard"],"_links":{"self":[{"href":"https:\/\/www.traunreuter-stadtblatt.de\/index.php?rest_route=\/wp\/v2\/posts\/28185","targetHints":{"allow":["GET"]}}],"collection":[{"href":"https:\/\/www.traunreuter-stadtblatt.de\/index.php?rest_route=\/wp\/v2\/posts"}],"about":[{"href":"https:\/\/www.traunreuter-stadtblatt.de\/index.php?rest_route=\/wp\/v2\/types\/post"}],"author":[{"embeddable":true,"href":"https:\/\/www.traunreuter-stadtblatt.de\/index.php?rest_route=\/wp\/v2\/users\/2"}],"replies":[{"embeddable":true,"href":"https:\/\/www.traunreuter-stadtblatt.de\/index.php?rest_route=%2Fwp%2Fv2%2Fcomments&post=28185"}],"version-history":[{"count":1,"href":"https:\/\/www.traunreuter-stadtblatt.de\/index.php?rest_route=\/wp\/v2\/posts\/28185\/revisions"}],"predecessor-version":[{"id":28187,"href":"https:\/\/www.traunreuter-stadtblatt.de\/index.php?rest_route=\/wp\/v2\/posts\/28185\/revisions\/28187"}],"wp:featuredmedia":[{"embeddable":true,"href":"https:\/\/www.traunreuter-stadtblatt.de\/index.php?rest_route=\/wp\/v2\/media\/28186"}],"wp:attachment":[{"href":"https:\/\/www.traunreuter-stadtblatt.de\/index.php?rest_route=%2Fwp%2Fv2%2Fmedia&parent=28185"}],"wp:term":[{"taxonomy":"category","embeddable":true,"href":"https:\/\/www.traunreuter-stadtblatt.de\/index.php?rest_route=%2Fwp%2Fv2%2Fcategories&post=28185"},{"taxonomy":"post_tag","embeddable":true,"href":"https:\/\/www.traunreuter-stadtblatt.de\/index.php?rest_route=%2Fwp%2Fv2%2Ftags&post=28185"}],"curies":[{"name":"wp","href":"https:\/\/api.w.org\/{rel}","templated":true}]}}