{"id":26695,"date":"2025-05-22T13:58:29","date_gmt":"2025-05-22T11:58:29","guid":{"rendered":"https:\/\/www.traunreuter-stadtblatt.de\/?p=26695"},"modified":"2025-05-22T13:58:29","modified_gmt":"2025-05-22T11:58:29","slug":"uv-index-tafel-fuer-das-franz-haberlander-freibad-traunreut","status":"publish","type":"post","link":"https:\/\/www.traunreuter-stadtblatt.de\/?p=26695","title":{"rendered":"UV-Index-Tafel f\u00fcr das Franz-Haberlander-Freibad Traunreut"},"content":{"rendered":"<p><strong>P\u00fcnktlich zum Saisonstart ist das Franz-Haberlander-Freibad Traunreut Teil einer landkreisweiten Aktion, bei der ab sofort UV-Index-Tafeln im Rahmen der bundesweiten Kampagne \u201eWATCH OUT\u201c der Deutschen Krebshilfe und der Arbeitsgemeinschaft Der-matologische Pr\u00e4vention (ADP) aufgestellt werden. Gef\u00f6rdert wird das Projekt von der AOK-Direktion Bad Reichenhall.<\/strong><\/p>\n<p>Ziel der Initiative ist es, die Bev\u00f6lkerung \u00fcber die aktuelle UV-Strahlenbelastung zu informieren und konkrete Schutzma\u00dfnahmen aufzuzeigen. \u201eUnsere Sonne ist lebensnotwendig \u2013 aber ein Zuviel kann gef\u00e4hrlich werden. Gerade Kinder und Jugendliche brauchen besonderen Schutz. Mit den UV-Index-Tafeln schaffen wir Bewusstsein f\u00fcr die Risiken und zeigen einfache Schutzma\u00dfnahmen auf\u201c, betont die Beiratsvorsitzende bei der AOK in Bad Reichenhall, Evelyn De Marco-Maier.<\/p>\n<p>Der UV-Index (UVI) ist ein international standardisierter Messwert, der die Intensit\u00e4t der sonnenbrandwirksamen ultravioletten Strahlung angibt. Je h\u00f6her der UVI, desto gr\u00f6\u00dfer ist das Risiko f\u00fcr Hautsch\u00e4den und damit auch f\u00fcr die Entstehung von Hautkrebs. Da die menschlichen Sinne UV-Strahlung nicht wahrnehmen k\u00f6nnen, ist es besonders wichtig, auf diese Gefahren aktiv aufmerksam zu machen. Die UV-Index-Tafeln zeigen den tagesaktuellen UV-Wert und geben konkrete Hinweise f\u00fcr pers\u00f6nlichen Schutz \u2013 etwa durch Aufenthalt im Schatten, das Tragen von dichter, dunkler Kleidung, breitkrempiger Kopfbedeckung und Sonnenbrille mit UV-Filter. Ebenso wird zur Verwendung von Sonnenschutzmitteln mit hohem Lichtschutzfaktor geraten. \u201eAls AOK ist es uns ein zentrales Anliegen, gemeinsam mit starken Partnern Pr\u00e4vention greifbar zu machen \u2013 direkt im Alltag der Menschen. Die UV-Tafeln helfen dabei, gesundheitliche Risiken fr\u00fchzeitig zu erkennen und zu vermeiden\u201c, sagt Mathias F\u00f6rg, Direktor der AOK Bad Reichenhall.<\/p>\n<p>Die Tafeln werden neben Traunreut auch an folgenden Orten im Landkreis platziert: in den Freib\u00e4dern Ruhpolding, Traunstein und Trostberg sowie im Badepark Inzell. Stellvertretend anwesend waren bei der \u00dcbergabe Claudia Steininger (Stadtwerke Trostberg) und Andreas Lohr (Stadtwerke Traunreut).<\/p>\n<p><em>Foto: AOK-Direktion Bad Reichenhall): Mathias F\u00f6rg (Direktor der AOK-Direktion Bad Reichenhall), Evelyn De Marco-Maier (Beiratsvorsitzende des \u00f6rtlichen Beirats der AOK Bad Reichenhall), Claudia Steininger (Stadtwerke Trostberg) und Andreas Lohr (Stadtwerke Traunreut)<\/em><\/p>\n","protected":false},"excerpt":{"rendered":"<p>P\u00fcnktlich zum Saisonstart ist das Franz-Haberlander-Freibad Traunreut Teil einer landkreisweiten Aktion, bei der ab sofort UV-Index-Tafeln im Rahmen der bundesweiten Kampagne \u201eWATCH OUT\u201c der Deutschen Krebshilfe und der Arbeitsgemeinschaft Der-matologische Pr\u00e4vention (ADP) aufgestellt werden. Gef\u00f6rdert wird das Projekt von der AOK-Direktion Bad Reichenhall. Ziel der Initiative ist es, die Bev\u00f6lkerung \u00fcber die aktuelle UV-Strahlenbelastung zu [&hellip;]<\/p>\n","protected":false},"author":2,"featured_media":26696,"comment_status":"closed","ping_status":"closed","sticky":false,"template":"","format":"standard","meta":{"_et_pb_use_builder":"","_et_pb_old_content":"","_et_gb_content_width":"","footnotes":""},"categories":[28],"tags":[],"class_list":["post-26695","post","type-post","status-publish","format-standard","has-post-thumbnail","hentry","category-stadtleben","et-has-post-format-content","et_post_format-et-post-format-standard"],"_links":{"self":[{"href":"https:\/\/www.traunreuter-stadtblatt.de\/index.php?rest_route=\/wp\/v2\/posts\/26695","targetHints":{"allow":["GET"]}}],"collection":[{"href":"https:\/\/www.traunreuter-stadtblatt.de\/index.php?rest_route=\/wp\/v2\/posts"}],"about":[{"href":"https:\/\/www.traunreuter-stadtblatt.de\/index.php?rest_route=\/wp\/v2\/types\/post"}],"author":[{"embeddable":true,"href":"https:\/\/www.traunreuter-stadtblatt.de\/index.php?rest_route=\/wp\/v2\/users\/2"}],"replies":[{"embeddable":true,"href":"https:\/\/www.traunreuter-stadtblatt.de\/index.php?rest_route=%2Fwp%2Fv2%2Fcomments&post=26695"}],"version-history":[{"count":1,"href":"https:\/\/www.traunreuter-stadtblatt.de\/index.php?rest_route=\/wp\/v2\/posts\/26695\/revisions"}],"predecessor-version":[{"id":26697,"href":"https:\/\/www.traunreuter-stadtblatt.de\/index.php?rest_route=\/wp\/v2\/posts\/26695\/revisions\/26697"}],"wp:featuredmedia":[{"embeddable":true,"href":"https:\/\/www.traunreuter-stadtblatt.de\/index.php?rest_route=\/wp\/v2\/media\/26696"}],"wp:attachment":[{"href":"https:\/\/www.traunreuter-stadtblatt.de\/index.php?rest_route=%2Fwp%2Fv2%2Fmedia&parent=26695"}],"wp:term":[{"taxonomy":"category","embeddable":true,"href":"https:\/\/www.traunreuter-stadtblatt.de\/index.php?rest_route=%2Fwp%2Fv2%2Fcategories&post=26695"},{"taxonomy":"post_tag","embeddable":true,"href":"https:\/\/www.traunreuter-stadtblatt.de\/index.php?rest_route=%2Fwp%2Fv2%2Ftags&post=26695"}],"curies":[{"name":"wp","href":"https:\/\/api.w.org\/{rel}","templated":true}]}}