{"id":26692,"date":"2025-05-22T13:56:43","date_gmt":"2025-05-22T11:56:43","guid":{"rendered":"https:\/\/www.traunreuter-stadtblatt.de\/?p=26692"},"modified":"2025-07-30T16:25:00","modified_gmt":"2025-07-30T14:25:00","slug":"grundsteinlegung-fuer-groesste-kita-in-traunreut","status":"publish","type":"post","link":"https:\/\/www.traunreuter-stadtblatt.de\/?p=26692","title":{"rendered":"Grundsteinlegung f\u00fcr gr\u00f6\u00dfte Kita in Traunreut"},"content":{"rendered":"<p><strong>Zeitkapsel einbetoniert &#8211; Zaubergarten soll im September 2026 er\u00f6ffnen: <\/strong><strong>Seit Ende M\u00e4rz laufen die Bauarbeiten f\u00fcr die bisher gr\u00f6\u00dfte Kindertagesst\u00e4tte in der Stadt Traunreut. Am Montag erfolgte die feierliche Grundsteinlegung f\u00fcr die Kita Zaubergarten, die ab September 2026 Platz f\u00fcr insgesamt 114 Kinder bietet und bei Bedarf auf bis zu 152 Pl\u00e4tze erweitert werden kann.<\/strong><\/p>\n<p>Einzigartig ist an dem Projekt die enge Zusammenarbeit der Stadt Traunreut mit der Dr. Johannes Heidenhain GmbH. Das Unternehmen beteiligt sich finanziell sowohl an den Bau-, als auch an den Betriebskosten f\u00fcr die neue Kita, um seine Mitarbeitenden bei der Vereinbarkeit von Karriere und Familie zu unterst\u00fctzen.<\/p>\n<p>Erster B\u00fcrgermeister Hans-Peter Dangschat betonte bei der Grundsteinlegung: \u201eDiese enge Partnerschaft zwischen der Stadt Traunreut und der Dr. Johannes Heidenhain GmbH ist beispielgebend, und das weit \u00fcber Traunreut hinaus. Wir haben uns von Anfang an gemeinsam auf den Weg gemacht, um die k\u00fcnftig dringend ben\u00f6tigten Betreuungspl\u00e4tze f\u00fcr unsere Stadt sicherzustellen. Es ist nicht selbstverst\u00e4ndlich, dass eine Stadt und ein Unternehmen so eng zusammenarbeiten und es ist auch in Traunreut das erste Projekt dieser Art. Ich bedanke mich herzlich f\u00fcr die Unterst\u00fctzung!\u201c.<br \/>\nBei der Grundsteinlegung wurde eine Zeitkapsel mit aktuellen Dokumenten und Gegenst\u00e4nden bef\u00fcllt, anschlie\u00dfend verl\u00f6tet, im Boden versenkt und direkt einbetoniert. Zum Inhalt der Kapsel aus Kupfer geh\u00f6rten eine Tageszeitung, aktuelle M\u00fcnzen, ein Doku-ment \u00fcber aktuelle Amtstr\u00e4ger aus der ganzen Welt und der Bauplan f\u00fcr die neue Kita.<\/p>\n<p>Die Kita erstreckt sich nach Fertigstellung auf knapp 1500 qm Grundfl\u00e4che und 3100 qm Freifl\u00e4chen. Neben klassischen Gruppenhauptr\u00e4umen und Nebenr\u00e4umen entstehen Spielflure, eine Spieltreppe und \u00fcberdachte Spielfl\u00e4chen im Freien. Zus\u00e4tzlich sind ein Bewegungsraum, eine Kindermensa und eine Kinderk\u00fcche geplant. Au\u00dferdem gibt es einen umlaufenden Terrassenbereich und einen kleinen Marktplatz im Inneren.<\/p>\n<p>Die reinen Baukosten liegen bei rund 8,4 Millionen Euro, wobei F\u00f6rderungen in H\u00f6he von insgesamt rund 2,8 Millionen Euro erwartet werden. F\u00f6rderf\u00e4hig sind beispielsweise der klimafreundliche Neubau eines Nichtwohngeb\u00e4udes und die Holzbauweise. Neben einer Bodenplatte aus Stahlbeton wurde f\u00fcr die W\u00e4nde und Decken Massivholz, f\u00fcr die Fassade eine L\u00e4rchenholzschalung geplant. Komplettiert wird das Geb\u00e4ude von einem extensiven Gr\u00fcndach mit Photovoltaikanlage.<\/p>\n<p>Als Tr\u00e4ger wird der AWO Kreisverband Traunstein e.V. die neue Kita in Traunreut ab September 2026 betreiben und zum Start drei Kindergartengruppen mit je 25 Kindern und drei Krippengruppen mit je 13 Kindern betreuen. Das teiloffene Konzept kann im Bereich der \u00fcberdachten Freifl\u00e4chen im Obergeschoss bei Bedarf um zwei weitere Gruppen aufgestockt werden.<\/p>\n<p>Insgesamt entstehen in den kommenden Jahren drei neue Kindertagesst\u00e4tten im Stadt-gebiet. In Traunwalchen laufen seit einigen Wochen die Bauarbeiten f\u00fcr die Kita Mari\u00e4 Geburt und am neuen Kindercampus am Gel\u00e4nde der Grundschule Nord ist nach dem Neubau der Schule ebenfalls eine Kita in Planung.<\/p>\n<p>&nbsp;<\/p>\n<p><em>Foto: Durften eine Zeitkapsel im Boden versenken (v.l.): Andreas Di-Qual (Di-Qual Bauunter-nehmung), Ulrich Farthofer (Architekt), Stadtbaumeister Thomas G\u00e4tzschmann, Erster B\u00fcrgermeister Hans-Peter Dangschat, Ina Veit (Projektleitung), Sepp Konh\u00e4user (Vorstand AWO Kreisverband Traunstein), Anna Enzinger (Gesch\u00e4ftsleitung Heidenhain), Claudio Beilhack und Christian Schulz (Stadtverwaltung)<\/em><\/p>\n","protected":false},"excerpt":{"rendered":"<p>Zeitkapsel einbetoniert &#8211; Zaubergarten soll im September 2026 er\u00f6ffnen: Seit Ende M\u00e4rz laufen die Bauarbeiten f\u00fcr die bisher gr\u00f6\u00dfte Kindertagesst\u00e4tte in der Stadt Traunreut. Am Montag erfolgte die feierliche Grundsteinlegung f\u00fcr die Kita Zaubergarten, die ab September 2026 Platz f\u00fcr insgesamt 114 Kinder bietet und bei Bedarf auf bis zu 152 Pl\u00e4tze erweitert werden kann. [&hellip;]<\/p>\n","protected":false},"author":2,"featured_media":26693,"comment_status":"closed","ping_status":"closed","sticky":false,"template":"","format":"standard","meta":{"_et_pb_use_builder":"","_et_pb_old_content":"","_et_gb_content_width":"","footnotes":""},"categories":[28],"tags":[],"class_list":["post-26692","post","type-post","status-publish","format-standard","has-post-thumbnail","hentry","category-stadtleben","et-has-post-format-content","et_post_format-et-post-format-standard"],"_links":{"self":[{"href":"https:\/\/www.traunreuter-stadtblatt.de\/index.php?rest_route=\/wp\/v2\/posts\/26692","targetHints":{"allow":["GET"]}}],"collection":[{"href":"https:\/\/www.traunreuter-stadtblatt.de\/index.php?rest_route=\/wp\/v2\/posts"}],"about":[{"href":"https:\/\/www.traunreuter-stadtblatt.de\/index.php?rest_route=\/wp\/v2\/types\/post"}],"author":[{"embeddable":true,"href":"https:\/\/www.traunreuter-stadtblatt.de\/index.php?rest_route=\/wp\/v2\/users\/2"}],"replies":[{"embeddable":true,"href":"https:\/\/www.traunreuter-stadtblatt.de\/index.php?rest_route=%2Fwp%2Fv2%2Fcomments&post=26692"}],"version-history":[{"count":1,"href":"https:\/\/www.traunreuter-stadtblatt.de\/index.php?rest_route=\/wp\/v2\/posts\/26692\/revisions"}],"predecessor-version":[{"id":26694,"href":"https:\/\/www.traunreuter-stadtblatt.de\/index.php?rest_route=\/wp\/v2\/posts\/26692\/revisions\/26694"}],"wp:featuredmedia":[{"embeddable":true,"href":"https:\/\/www.traunreuter-stadtblatt.de\/index.php?rest_route=\/wp\/v2\/media\/26693"}],"wp:attachment":[{"href":"https:\/\/www.traunreuter-stadtblatt.de\/index.php?rest_route=%2Fwp%2Fv2%2Fmedia&parent=26692"}],"wp:term":[{"taxonomy":"category","embeddable":true,"href":"https:\/\/www.traunreuter-stadtblatt.de\/index.php?rest_route=%2Fwp%2Fv2%2Fcategories&post=26692"},{"taxonomy":"post_tag","embeddable":true,"href":"https:\/\/www.traunreuter-stadtblatt.de\/index.php?rest_route=%2Fwp%2Fv2%2Ftags&post=26692"}],"curies":[{"name":"wp","href":"https:\/\/api.w.org\/{rel}","templated":true}]}}