{"id":26688,"date":"2025-05-22T13:31:34","date_gmt":"2025-05-22T11:31:34","guid":{"rendered":"https:\/\/www.traunreuter-stadtblatt.de\/?p=26688"},"modified":"2025-05-22T13:34:16","modified_gmt":"2025-05-22T11:34:16","slug":"generalversammlung-der-krieger-und-soldatenkameradschaft-st-georgen","status":"publish","type":"post","link":"https:\/\/www.traunreuter-stadtblatt.de\/?p=26688","title":{"rendered":"Generalversammlung der Krieger- und Soldatenkameradschaft St. Georgen"},"content":{"rendered":"<p><strong>Wie in den vergangenen Jahren \u00fcblich, wurde auch heuer wieder um 14:00 Uhr eine kurze Kreuzwegandacht in der Pfarrkirche von St. Georgen abgehalten. Als Vorbeter waren dieses Jahr der Ehrenvorstand Anton P\u00f6ppel und Mesner Alois Dandl im Einsatz.<\/strong><\/p>\n<p>Um 14:45 Uhr begann dann p\u00fcnktlich beim Dorfwirt die Generalversammlung. Der 1. Vorstand Markus Schupfner begr\u00fc\u00dfte dabei fast 50 Mitglieder und Freunde von der Krieger- und Soldatenkameradschaft. Unter den G\u00e4sten befanden sich unter anderem auch der 1. B\u00fcrgermeister der Stadt Traunreut: Hans-Peter Dangschat,<br \/>\nder 1. Gauvorstand und der Gau-Ehrenvorstand vom Chiemgau und Rupertiwinkel: Anton Linner und Michael Bernauer, sowie die Vertreter von den beiden Nachbarvereinen aus Altenmarkt und Hart. Weiterhin war die Dirndlschaft aus Stein mit einer Abordnung vertreten. Ebenso war Frau Pia Mix von der Presse anwesend. Beim anschlie\u00dfenden Totengedenken gedachten die anwesenden G\u00e4ste den im Vereinsjahr 2024 verstorbenen Kameraden. Der Schriftf\u00fchrer Armin Freutsmiedl verlas das Protokoll von der letzten Generalversammlung.<\/p>\n<p><img loading=\"lazy\" decoding=\"async\" class=\"wp-image-26690 alignleft\" src=\"https:\/\/www.traunreuter-stadtblatt.de\/wp-content\/uploads\/2025\/05\/Kriegerdenkmal.jpg\" alt=\"\" width=\"278\" height=\"209\" srcset=\"https:\/\/www.traunreuter-stadtblatt.de\/wp-content\/uploads\/2025\/05\/Kriegerdenkmal.jpg 2016w, https:\/\/www.traunreuter-stadtblatt.de\/wp-content\/uploads\/2025\/05\/Kriegerdenkmal-300x225.jpg 300w, https:\/\/www.traunreuter-stadtblatt.de\/wp-content\/uploads\/2025\/05\/Kriegerdenkmal-2000x1500.jpg 2000w, https:\/\/www.traunreuter-stadtblatt.de\/wp-content\/uploads\/2025\/05\/Kriegerdenkmal-768x576.jpg 768w, https:\/\/www.traunreuter-stadtblatt.de\/wp-content\/uploads\/2025\/05\/Kriegerdenkmal-1536x1152.jpg 1536w, https:\/\/www.traunreuter-stadtblatt.de\/wp-content\/uploads\/2025\/05\/Kriegerdenkmal-1080x810.jpg 1080w\" sizes=\"(max-width: 278px) 100vw, 278px\" \/>Darauf folgte der Kassenbericht von Michael Gr\u00f6bner. Der Kassier teilte der Versammlung mit, da\u00df die Kosten f\u00fcr die Restaurierung der Vereinsfahne und die Anschaffung der Anstecker f\u00fcr die vereinsinternen Ehrungen zu einem negativen Kassenergebnis gef\u00fchrt haben. Der Verein wird dieses Defizit aus den R\u00fccklagen ausgleichen. Die beiden Kassenpr\u00fcfer Hans Lahr jun. und Walter Fackler bescheinigten Michael Gr\u00f6bner eine einwandfrei Kassenf\u00fchrung und schlugen die Entlastung von der ganzen Vorstandschaft vor und die Versammlung folgte den beiden Kassenpr\u00fcfern<br \/>\nmit einem einstimmen Beschluss von der Versammlung.<\/p>\n<p>Das Ergebnis f\u00fcr die letztj\u00e4hrige Kriegsgr\u00e4bersammlung 2024 fiel auch wieder sehr gut aus. Mit einem Spendenergebnis von etwas mehr als 1750,- Euro wurde sogar das beste Ergebnis in der Vereinsgeschichte f\u00fcr den Volksbund Deutsche Kriegsgr\u00e4berf\u00fcrsorge e.V. erzielt und nat\u00fcrlich auch wieder zu 100% dorthin weitergeleitet.<\/p>\n<p>Dann folgte der Bericht vom 1. Vorstand Markus Schupfner. Er konnte positiv berichten, da\u00df es zwar 3 Todesf\u00e4lle gab, daf\u00fcr aber auch 5 neue Vereinsmitglieder gewonnen werden konnten und der Mitgliederstand bei aktuell 141 Personen liegt. Unter den Vereinsmitgliedern befindet sich leider nur noch 1 Kriegsteilnehmer.<\/p>\n<p>Ein gro\u00dfer Erfolg war auch der allj\u00e4hrliche Vereinsausflug. Im letzten Vereinsjahr ging es mit dem vollbesetzten Bus f\u00fcr 2 Tage nach S\u00fcdtirol. Bei herrlichem Ausflugswetter verbrachte die Reisegruppe einen super sch\u00f6nes Wochenende. Ein entsprechender Bericht, war ja im Traunreuter Stadtblatt im Herbst 2024 schonmal abgedruckt.<\/p>\n<p>Selbstverst\u00e4ndlich beteiligte sich die KSK St. Georgen wieder an den ganzen Gedenkveranstaltungen wie z.B. Sebastiani Woche in Irsing mit Kriegergedenken, Volkstrauertag in St. Georgen, Buchenwald Gedenken in Altenmarkt, Wallfahrt von Siegsdorf nach Maria Eck und bei der Gedenkveranstaltung auf der Kampenwand. Ebenso war eine Fahnenabordnung beim gro\u00df aufgezogenen Volkstrauertag in der Stadt Traunreut mit dabei. Weiterhin war eine Fahnenabordnung auch bei den kirchlichen Festen und Feierlichkeiten vor Ort, wie z.B. Fronleichnamsprozession, Erntedankprozession, etc.<\/p>\n<p>Bei den Gru\u00dfworten vom 1. B\u00fcrgermeister Hans-Peter Dangschat und vom 1. Gauvorstand Anton Linner gab es viele lobende Worte f\u00fcr die gesamte Vorstandschaft.<br \/>\nWeiterhin betonte der 1. Gauvorstand \u201eDie Veteranenvereine stehen f\u00fcr Best\u00e4ndigkeit und Kontinuit\u00e4t. Wir stehen daf\u00fcr, da\u00df der Frieden auch eingehalten wird.\u201c In der jetzigen Zeit sei es besonders wichtig, die Bundeswehr wieder ins Bewusstsein der Gesellschaft zu bringen.<\/p>\n<p>Im Anschluss gab es noch eine kurze Vorschau auf die Termine 2025 und keine nennenswerten Wortmeldungen bei \u201eW\u00fcnsche und Antr\u00e4ge\u201c.<\/p>\n<p>&nbsp;<\/p>\n<p><strong>Heuer gab es erstmals Ehrungen f\u00fcr langj\u00e4hrige Vereinsmitglieder. <\/strong><strong>Diese standen im Mittelpunkt der Generalversammlung. Folgende Mitglieder waren bei der Versammlung anwesend und konnten geehrt werden:<\/strong><\/p>\n<p><strong>Bernhard Winkler \u2013 50 Jahre, Sepp Sieber sen. \u2013 51 Jahre, <\/strong><br \/>\n<strong>Hans Schupfner \u2013 51 Jahre, Franz Kollmann \u2013 51 Jahre,<\/strong><br \/>\n<strong>Rudolf Lampart \u2013 55 Jahre, Johann Huschka \u2013 55 Jahre, <\/strong><br \/>\n<strong>Karl Wolfertstetter \u2013 57 Jahre, Anton P\u00f6ppel \u2013 57 Jahre<\/strong><br \/>\n<strong>Karl-Heinz Freutsmiedl \u2013 59 Jahre, Willi St\u00f6ckl \u2013 60 Jahre, <\/strong><br \/>\n<strong>Konrad Fuchs \u2013 60 Jahre, Peter Huber \u2013 62 Jahre<\/strong><br \/>\n<strong>Schorsch Haberlander \u2013 65 Jahre<\/strong><\/p>\n","protected":false},"excerpt":{"rendered":"<p>Wie in den vergangenen Jahren \u00fcblich, wurde auch heuer wieder um 14:00 Uhr eine kurze Kreuzwegandacht in der Pfarrkirche von St. Georgen abgehalten. Als Vorbeter waren dieses Jahr der Ehrenvorstand Anton P\u00f6ppel und Mesner Alois Dandl im Einsatz. Um 14:45 Uhr begann dann p\u00fcnktlich beim Dorfwirt die Generalversammlung. Der 1. Vorstand Markus Schupfner begr\u00fc\u00dfte dabei [&hellip;]<\/p>\n","protected":false},"author":2,"featured_media":26689,"comment_status":"closed","ping_status":"closed","sticky":false,"template":"","format":"standard","meta":{"_et_pb_use_builder":"","_et_pb_old_content":"","_et_gb_content_width":"","footnotes":""},"categories":[29],"tags":[],"class_list":["post-26688","post","type-post","status-publish","format-standard","has-post-thumbnail","hentry","category-vereinsleben","et-has-post-format-content","et_post_format-et-post-format-standard"],"_links":{"self":[{"href":"https:\/\/www.traunreuter-stadtblatt.de\/index.php?rest_route=\/wp\/v2\/posts\/26688","targetHints":{"allow":["GET"]}}],"collection":[{"href":"https:\/\/www.traunreuter-stadtblatt.de\/index.php?rest_route=\/wp\/v2\/posts"}],"about":[{"href":"https:\/\/www.traunreuter-stadtblatt.de\/index.php?rest_route=\/wp\/v2\/types\/post"}],"author":[{"embeddable":true,"href":"https:\/\/www.traunreuter-stadtblatt.de\/index.php?rest_route=\/wp\/v2\/users\/2"}],"replies":[{"embeddable":true,"href":"https:\/\/www.traunreuter-stadtblatt.de\/index.php?rest_route=%2Fwp%2Fv2%2Fcomments&post=26688"}],"version-history":[{"count":1,"href":"https:\/\/www.traunreuter-stadtblatt.de\/index.php?rest_route=\/wp\/v2\/posts\/26688\/revisions"}],"predecessor-version":[{"id":26691,"href":"https:\/\/www.traunreuter-stadtblatt.de\/index.php?rest_route=\/wp\/v2\/posts\/26688\/revisions\/26691"}],"wp:featuredmedia":[{"embeddable":true,"href":"https:\/\/www.traunreuter-stadtblatt.de\/index.php?rest_route=\/wp\/v2\/media\/26689"}],"wp:attachment":[{"href":"https:\/\/www.traunreuter-stadtblatt.de\/index.php?rest_route=%2Fwp%2Fv2%2Fmedia&parent=26688"}],"wp:term":[{"taxonomy":"category","embeddable":true,"href":"https:\/\/www.traunreuter-stadtblatt.de\/index.php?rest_route=%2Fwp%2Fv2%2Fcategories&post=26688"},{"taxonomy":"post_tag","embeddable":true,"href":"https:\/\/www.traunreuter-stadtblatt.de\/index.php?rest_route=%2Fwp%2Fv2%2Ftags&post=26688"}],"curies":[{"name":"wp","href":"https:\/\/api.w.org\/{rel}","templated":true}]}}