{"id":26679,"date":"2025-05-08T14:58:25","date_gmt":"2025-05-08T12:58:25","guid":{"rendered":"https:\/\/www.traunreuter-stadtblatt.de\/?p=26679"},"modified":"2025-05-08T14:58:25","modified_gmt":"2025-05-08T12:58:25","slug":"trachtenverein-traunwalchen-zieht-bilanz","status":"publish","type":"post","link":"https:\/\/www.traunreuter-stadtblatt.de\/?p=26679","title":{"rendered":"Trachtenverein Traunwalchen zieht Bilanz"},"content":{"rendered":"<p><strong>Die Aussichten auf ein eigenes Vereinsheim f\u00fcr die Traunwalchner Trachtler werden immer konkreter. In der Jahreshauptversammlung des GTEV D\u00b4Traunviertler Traunwalchen stellte Vorstand Florian Walter das Vorhaben mit dem Umbau von zwei ehemaligen Klassenzimmern im Schulgeb\u00e4ude der Carl-Orff-Grundschule vor. Seit einigen Jahren laufen Planungen f\u00fcr die Sanierung und dessen Finanzierung. Ein \u00e4u\u00dferst gro\u00dfer b\u00fcrokratischer Aufwand lastet auf den Schultern der Verantwortlichen, die derzeit auf eine positive Zustimmung f\u00fcr beantragte F\u00f6rdermittel warten und anschlie\u00dfend die n\u00e4chsten Schritte zur Umsetzung einleiten k\u00f6nnen.<\/strong><\/p>\n<p>Neben vielen Mitgliedern konnten erster B\u00fcrgermeister Hans Peter Dangschat, einige Stadtr\u00e4te und Dr. Peter Ramsauer im vollbesetzten Pfarrsaal das Vereinsjahr 2024 mit einer aussagekr\u00e4ftigen Fotopr\u00e4sentation Revue passieren lassen. Kassier Stefan Huber gab trotz vieler Ausgaben f\u00fcr die Jugendarbeit und diversen Vereinskosten einen positiven Kassenbericht ab. Das Plus aus den gut besuchten Vereinsveranstaltungen wurde entsprechend als R\u00fccklage f\u00fcr das geplante Vereinsheim angelegt. Vorsitzender Florian Walter gab Einblicke in die florierende Vereinsstruktur. Sowohl der Zuwachs bei den Vereinsmitgliedern auf 385, wie auch die \u00dcberschreitung der 100er Marke von Kindern und Jugendlichen, zeigen die Fr\u00fcchte der vielen Stunden, die von den Jugendleitern und Vorstandsmitgliedern ehrenamtlich geleistet werden.<\/p>\n<p>In den Berichten des Jugendleiters und Vorplattlers Florian Lieb wurde deutlich, dass die vielen Probenhelfer und die Aufteilungen auf vier Probengruppen bei der Kinder- und Jugendgruppe unbedingt notwendig geworden sind. Neben Plattln, Drahn und Tanzen, standen auch Kinoabende, Ausfl\u00fcge, Kl\u00f6pfeln, Krippenspiele, Preisplattln und nicht zuletzt die Teilnahme der Aktiven an geselligen Festen von Nachbarvereinen auf dem Programm. Lieb bedankte sich f\u00fcr die gro\u00dfe Unterst\u00fctzung der beiden Vort\u00e4nzerinnen in der Aktivengruppe.<br \/>\nAuch Vorstand Florian Walter stelle die wichtige Jugendarbeit in den Vordergrund des Vereins und bedankte sich bei allen, die so viel Zeit daf\u00fcr zur Verf\u00fcgung stellen. H\u00f6hepunkte im vergangenen Jahr war die Reise im Januar zur Gr\u00fcnen Woche nach Berlin sowie der dreit\u00e4gige Ausflug im August zur Partnerstadt Virovitica in Kroatien, das den Akteuren bei ihren Auftritten bei etwa 40 Grad einiges abverlangte. Das Maibaumaufstellen mit Bewirtung von hunderten Besuchern in Traunwalchen, wie auch der zweite Trachtenmarkt, waren eine gro\u00dfe Herausforderung.<\/p>\n<p>Gleich zu Beginn des neuen Jahres fand der Traunwalchner Fasching mit einer Neuerung statt. Bereits am Nachmittag begann das bunte Treiben mit einem Weiber- und Dirndl Fasching, der auch im n\u00e4chsten Jahr weitergef\u00fchrt wird. Beim Faschingszug des Burschenverein Traunwalchen nahmen die Traunviertler mit etwa 130 Schl\u00fcmpfen und einem Faschingswagen auf der Suche nach Schlumpfhausen, alias Vereinsheim, teil. Nach der Beteiligung am Faschingszug in Traunreut und dem Fr\u00fchschoppen-Hoagart, gehts im Programm mit dem Georgiritt in Stein am 13. April und am 4. Mai beim Feuerwehrfest in Traunwalchen weiter.<\/p>\n<p>Als weiteren Punkt der Jahreshauptversammlung standen die Neuwahlen auf der Tagesordnung. Die Wahlleitung \u00fcbernahm erster B\u00fcrgermeister Hans-Peter Dangschat mit Unterst\u00fctzung von Stadtrat Stefan Mirbeth. Die drei Vorst\u00e4nde Florian Walter, Max Helminger und Martin Hundsberger stellten sich wieder zur Wahl. Ebenso bleiben die beiden Schriftf\u00fchrerinnen Jessica Ungeth\u00fcm und Franziska Arnold sowie die Kassiere Stefan Huber und Manuel Stadler in ihren \u00c4mtern. Florian Lieb stellt sich wieder den Herausforderungen des 1. Jugendleiters und Tanja Hundsberger-H\u00fcttner der 3. Jugendleiterin. Auf Monika Leisl folgt Marina Huber in der Position der 2. Jugendleiterin. Als erste R\u00f6ckifrauenvertreterin wurde Anita Scheck best\u00e4tigt und als Stellvertreterin folgt Susanne Altmann auf Manuela Kimmeringer, die auf Besitzerin wechselte. Johannes Kaiser \u00fcbernimmt das Amt des F\u00e4hnrichs und folgt somit auf Sebastian Kiefersbeck, der den Posten in seiner 10j\u00e4hrigen Amtszeit durch seine enthusiastischen Fahnenschwenkerer und Luftspr\u00fcnge beim Marschieren gepr\u00e4gt hat, wie kein anderer. Sabine Ertl und Hannah Schroll bleiben weiterhin Beisitzerinnen sowie Markus Lieb Volksmusikwart. Barbara Obermaier, die der Vorstandschaft ebenfalls 10 Jahre lang als 2. Vort\u00e4nzerin, Trachtenwartin und Beisitzerin angeh\u00f6rte, stellte sich nicht mehr zur Wahl. Bereits als kleines Dirndl wirkte sie in der Kindergruppe mit und konnte durch ihre guten Leistungen in der Gaujugendgruppe mitwirken. Auch ihre Freundin und Weggef\u00e4hrtin Regina M\u00fchlbauer, die zuletzt als Beisitzerin und zuvor als 1. Vort\u00e4nzerin t\u00e4tig war, verl\u00e4sst die Vorstandschaft. F\u00fcr sie war es eine Selbstverst\u00e4ndlichkeit einAmt im Verein zu \u00fcbernehmen: \u201eDes is mei Verein, do bin i gro\u00df worn, do war scho mei Opa und mei Papa im Ausschuss.\u201c<\/p>\n<p>Die \u00d6ffentlichkeitsarbeit teilt sich zuk\u00fcnftig in die Bereiche Social Media und Pressearbeit auf, die von Marie Hundsberger und Nina Grass von der scheidenden Barbara Baumgartner \u00fcbernommen werden. Nach 12 Jahren Mitarbeit in der Vorstandschaft stellte sich Baumgartner nicht mehr zur Wahl. Als Anerkennung f\u00fcr ihre langj\u00e4hrige Mitarbeit als Schriftf\u00fchrerin, Pressewartin und stellvertretende R\u00f6ckifrauenvertreterin wurde sie zum Ehrenmitglied ernannt. In einem lustigen Sketch stellten die neuen Vorstandsmitglieder die Publikationen vor, die \u201eB\u00e4rbel, wie sie von allen gennant wird\u201c in ihrer Amtszeit erstellt und aufgearbeitet hat.<\/p>\n<p>Au\u00dferdem stellte sich Revisor Josef Schallinger nach 28 Jahren nicht mehr zur Verf\u00fcgung. Durch seine humorvolle Art wurde der j\u00e4hrliche Termin zu einem Highlight der Kassenf\u00fchrung. Neben der wiedergew\u00e4hlten Waltraud Wallner, folgt Waltraud Sch\u00fctzinger auf Schallinger als Kassenpr\u00fcferinnen.<br \/>\nErster Vorplattler der Aktivengruppe bleibt Florian Lieb sowie die Vort\u00e4nzerinnen Eva Kleinschw\u00e4rzer und Franziska Arnold. Neu hinzu kommt Tim Bosch als zweiter Vorplattler.<\/p>\n<p>Eine besondere Ehrung zu 50 Jahren Mitgliedschaft nahm Dr. Peter Ramsauer mit Freude entgegen. Irmgard Thaler wurde f\u00fcr 40 Jahre aktives Mitglied sowie Rosmarie Brunnmaier und Renate Peteranderl f\u00fcr 40 Jahre f\u00f6rderndes Mitglied geehrt. Au\u00dferdem wurden die Jubilare f\u00fcr 10 und 25j\u00e4hrige Vereinszugeh\u00f6rigkeit und langj\u00e4hriges Mitwirken mit Urkunden geehrt.<\/p>\n<p>Mit den Schlussworten vom dritten Vorstand: \u201eder Verein braucht dich\u201c, sprachen die beiden stellvertretenden Vorst\u00e4nde Max Helminger und Martin Hundsberger im Namen des Vereins ihren Dank an ersten Vorstand Florian f\u00fcr sein unerm\u00fcdliches Engagement und seine Verl\u00e4sslichkeit aus.<\/p>\n<p>&nbsp;<\/p>\n<p>Ehrung f\u00fcr 10 Jahre Mitgliedschaft: Franziska Arnold, Johanna Danner, Franziska Fuchs, Florian Kleinschw\u00e4rzer,<br \/>\nAnna Leisl, Maximilian Meier, Andreas Niederbuchner, Valentin Nowak, Katharina Riedl, Fritz R\u00f6ckenwagner,<br \/>\nChristoph Scheck, Florian Schillmeier, Milena Schweiger, Jessica Ungeth\u00fcm;<br \/>\nEhrung f\u00fcr 25 Jahre Mitgliedschaft: Marianne Schroll;<br \/>\nEhrung f\u00fcr 40 Jahre aktive Mitgliedschaft: Irmgard Thaler;<br \/>\nEhrung f\u00fcr 40 Jahre Mitgliedschaft: Rosmarie Brunnmaier, Johann Parzinger, Monika Perschl, Renate Peteranderl, Christine Weber;<br \/>\nEhrung f\u00fcr 50 Jahre Mitgliedschaft: Dr. Peter Ramsauer; Gerhard Jobst;<br \/>\nEhrung f\u00fcr langj\u00e4hriges Mitwirken in der Jugendgruppe zum \u00dcbergang in die offizielle Mitgliedschaft: Jakob Krammer,<br \/>\nBenedikt Reiter, Max Theuschl, Andreas Wallner, Korbinian Wallner; Ernennung zum Ehrenmitglied: Barbara Baumgartner;<\/p>\n<p>&nbsp;<\/p>\n<p><em>Foto Ehrungen vorne v.l.: Renate Peteranderl 40 Jahre; Marianne Schroll 25 Jahre; Irmgard Thaler 40 Jahre aktiv; Barbara Baumgartner Ehrenmitglied; Rosmarie Brunnmaier 40 Jahre; Dr. Peter Ramsauer 50 Jahre; hinten v.l.: Andreas Wallner, Jakob Krammer, Benedikt Reiter, Max Theuschl und Korbinian Wallner alle Jugendehrung; Josef Schallinger ehm. Kassenpr\u00fcfer; Johanna Danner und Franziska Arnold 10 Jahre; Barbara Obermaier und Regina M\u00fchlbauer ehm. Beisitzerinnen; Jessica Ungeth\u00fcm 10 <\/em><em>Jahre; Vorst\u00e4nde Florian Walter, Max Helminger und Martin Hundsberger;<\/em><\/p>\n","protected":false},"excerpt":{"rendered":"<p>Die Aussichten auf ein eigenes Vereinsheim f\u00fcr die Traunwalchner Trachtler werden immer konkreter. In der Jahreshauptversammlung des GTEV D\u00b4Traunviertler Traunwalchen stellte Vorstand Florian Walter das Vorhaben mit dem Umbau von zwei ehemaligen Klassenzimmern im Schulgeb\u00e4ude der Carl-Orff-Grundschule vor. Seit einigen Jahren laufen Planungen f\u00fcr die Sanierung und dessen Finanzierung. Ein \u00e4u\u00dferst gro\u00dfer b\u00fcrokratischer Aufwand lastet [&hellip;]<\/p>\n","protected":false},"author":2,"featured_media":26680,"comment_status":"closed","ping_status":"closed","sticky":false,"template":"","format":"standard","meta":{"_et_pb_use_builder":"","_et_pb_old_content":"","_et_gb_content_width":"","footnotes":""},"categories":[29],"tags":[],"class_list":["post-26679","post","type-post","status-publish","format-standard","has-post-thumbnail","hentry","category-vereinsleben","et-has-post-format-content","et_post_format-et-post-format-standard"],"_links":{"self":[{"href":"https:\/\/www.traunreuter-stadtblatt.de\/index.php?rest_route=\/wp\/v2\/posts\/26679","targetHints":{"allow":["GET"]}}],"collection":[{"href":"https:\/\/www.traunreuter-stadtblatt.de\/index.php?rest_route=\/wp\/v2\/posts"}],"about":[{"href":"https:\/\/www.traunreuter-stadtblatt.de\/index.php?rest_route=\/wp\/v2\/types\/post"}],"author":[{"embeddable":true,"href":"https:\/\/www.traunreuter-stadtblatt.de\/index.php?rest_route=\/wp\/v2\/users\/2"}],"replies":[{"embeddable":true,"href":"https:\/\/www.traunreuter-stadtblatt.de\/index.php?rest_route=%2Fwp%2Fv2%2Fcomments&post=26679"}],"version-history":[{"count":1,"href":"https:\/\/www.traunreuter-stadtblatt.de\/index.php?rest_route=\/wp\/v2\/posts\/26679\/revisions"}],"predecessor-version":[{"id":26681,"href":"https:\/\/www.traunreuter-stadtblatt.de\/index.php?rest_route=\/wp\/v2\/posts\/26679\/revisions\/26681"}],"wp:featuredmedia":[{"embeddable":true,"href":"https:\/\/www.traunreuter-stadtblatt.de\/index.php?rest_route=\/wp\/v2\/media\/26680"}],"wp:attachment":[{"href":"https:\/\/www.traunreuter-stadtblatt.de\/index.php?rest_route=%2Fwp%2Fv2%2Fmedia&parent=26679"}],"wp:term":[{"taxonomy":"category","embeddable":true,"href":"https:\/\/www.traunreuter-stadtblatt.de\/index.php?rest_route=%2Fwp%2Fv2%2Fcategories&post=26679"},{"taxonomy":"post_tag","embeddable":true,"href":"https:\/\/www.traunreuter-stadtblatt.de\/index.php?rest_route=%2Fwp%2Fv2%2Ftags&post=26679"}],"curies":[{"name":"wp","href":"https:\/\/api.w.org\/{rel}","templated":true}]}}