{"id":26434,"date":"2025-04-12T14:04:19","date_gmt":"2025-04-12T12:04:19","guid":{"rendered":"https:\/\/www.traunreuter-stadtblatt.de\/?p=26434"},"modified":"2025-04-12T14:04:19","modified_gmt":"2025-04-12T12:04:19","slug":"sehr-grosser-erfolg-beim-regionalwettbewerb-jugend-forscht-2","status":"publish","type":"post","link":"https:\/\/www.traunreuter-stadtblatt.de\/?p=26434","title":{"rendered":"Sehr gro\u00dfer Erfolg beim Regionalwettbewerb Jugend forscht"},"content":{"rendered":"<p><strong>\u201eMacht aus Fragen Antworten!\u201c Getreu dem diesj\u00e4hrigen Motto traten f\u00fcnf Sch\u00fclerinnen und Sch\u00fcler unseres Gymnasiums am Regionalwettbewerb Jugend forscht in Rosenheim am 25.\/26. Februar an und holten zweimal den 1. Platz und einmal den 2. Platz.<\/strong><\/p>\n<p>Elisabeth Winkler untersuchte die feuchtigkeitsregulierende Wirkung von Schafwolle. F\u00fcr ihre Ergebnisse erhielt sie nicht nur viel Lob von der Jury, sondern auch noch den 1. Platz in der \u00a0Sparte Biologie und den Sonderpreis Ressourceneffizienz. Sie wird unser Gymnasium mit ihrem Projekt am 10.\/11. April am Landeswettbewerb Jugend forscht Junior in Regensburg vertreten.<\/p>\n<p>In der Sparte Chemie zeigte Elisabeth Wagner, dass Mikroplastikpartikel eine ernste Bedrohung in unserem Wasserkreislauf darstellen, da sie weder durch Kl\u00e4ranlagen noch durch die Selbstreinigungskraft des \u00a0Flusses herausgefiltert werden k\u00f6nnen und somit auch in Spuren wieder in unserem Leitungswasser zu finden sind. F\u00fcr ihren Beitrag erhielt sie den 2. Platz in der Altersgruppe Jugend forscht sowie den Sonderpreis Energiewende und Klimaschutz.<\/p>\n<p>Das Trio Christian Bauer, Florian Stembal und Martin Hangl erhielten ebenfalls einen 1. Platz f\u00fcr ihr Projekt \u201eFliegende Automation: Pr\u00e4zisionslandung einer Drohne\u201c. Sie bauten eine Drohne so um, dass diese selbstst\u00e4ndig ein bestimmtes Ziel erkannte, an dem sie landen sollte. Die Technik-Jury lobte ihr Talent beim Programmieren und den Erfindergeist beim Umbau der Drohne. Sie werden unser Gymnasium beim Landeswettbewerb Jugend forscht in Klingenberg vom 2.-4. April vertreten.<\/p>\n","protected":false},"excerpt":{"rendered":"<p>\u201eMacht aus Fragen Antworten!\u201c Getreu dem diesj\u00e4hrigen Motto traten f\u00fcnf Sch\u00fclerinnen und Sch\u00fcler unseres Gymnasiums am Regionalwettbewerb Jugend forscht in Rosenheim am 25.\/26. Februar an und holten zweimal den 1. Platz und einmal den 2. Platz. Elisabeth Winkler untersuchte die feuchtigkeitsregulierende Wirkung von Schafwolle. F\u00fcr ihre Ergebnisse erhielt sie nicht nur viel Lob von der [&hellip;]<\/p>\n","protected":false},"author":2,"featured_media":26435,"comment_status":"closed","ping_status":"closed","sticky":false,"template":"","format":"standard","meta":{"_et_pb_use_builder":"","_et_pb_old_content":"","_et_gb_content_width":"","footnotes":""},"categories":[30],"tags":[],"class_list":["post-26434","post","type-post","status-publish","format-standard","has-post-thumbnail","hentry","category-schulen-kiga","et-has-post-format-content","et_post_format-et-post-format-standard"],"_links":{"self":[{"href":"https:\/\/www.traunreuter-stadtblatt.de\/index.php?rest_route=\/wp\/v2\/posts\/26434","targetHints":{"allow":["GET"]}}],"collection":[{"href":"https:\/\/www.traunreuter-stadtblatt.de\/index.php?rest_route=\/wp\/v2\/posts"}],"about":[{"href":"https:\/\/www.traunreuter-stadtblatt.de\/index.php?rest_route=\/wp\/v2\/types\/post"}],"author":[{"embeddable":true,"href":"https:\/\/www.traunreuter-stadtblatt.de\/index.php?rest_route=\/wp\/v2\/users\/2"}],"replies":[{"embeddable":true,"href":"https:\/\/www.traunreuter-stadtblatt.de\/index.php?rest_route=%2Fwp%2Fv2%2Fcomments&post=26434"}],"version-history":[{"count":1,"href":"https:\/\/www.traunreuter-stadtblatt.de\/index.php?rest_route=\/wp\/v2\/posts\/26434\/revisions"}],"predecessor-version":[{"id":26436,"href":"https:\/\/www.traunreuter-stadtblatt.de\/index.php?rest_route=\/wp\/v2\/posts\/26434\/revisions\/26436"}],"wp:featuredmedia":[{"embeddable":true,"href":"https:\/\/www.traunreuter-stadtblatt.de\/index.php?rest_route=\/wp\/v2\/media\/26435"}],"wp:attachment":[{"href":"https:\/\/www.traunreuter-stadtblatt.de\/index.php?rest_route=%2Fwp%2Fv2%2Fmedia&parent=26434"}],"wp:term":[{"taxonomy":"category","embeddable":true,"href":"https:\/\/www.traunreuter-stadtblatt.de\/index.php?rest_route=%2Fwp%2Fv2%2Fcategories&post=26434"},{"taxonomy":"post_tag","embeddable":true,"href":"https:\/\/www.traunreuter-stadtblatt.de\/index.php?rest_route=%2Fwp%2Fv2%2Ftags&post=26434"}],"curies":[{"name":"wp","href":"https:\/\/api.w.org\/{rel}","templated":true}]}}