{"id":26415,"date":"2025-04-12T13:34:31","date_gmt":"2025-04-12T11:34:31","guid":{"rendered":"https:\/\/www.traunreuter-stadtblatt.de\/?p=26415"},"modified":"2025-05-22T14:24:26","modified_gmt":"2025-05-22T12:24:26","slug":"der-traunreuter-weg-vortragsreihe-zum-75-jaehrigen-gemeindejubilaeum","status":"publish","type":"post","link":"https:\/\/www.traunreuter-stadtblatt.de\/?p=26415","title":{"rendered":"Der Traunreuter Weg \u2013 Vortragsreihe zum 75-j\u00e4hrigen Gemeindejubil\u00e4um"},"content":{"rendered":"<p><strong>Mit einer Vortragsreihe startete Traunreut in das 75-j\u00e4hrige Gemeindejubil\u00e4um. Vor den gro\u00dfen Feierlichkeiten im Sommer werden verschiedene geschichtliche Stationen des 20. Jahrhunderts von Experten beleuchtet.<\/strong><\/p>\n<p>\u201eDer Leiter unseres Archivs, Valentin Haase, hat mit Johannes Danner ein tolles Programm mit hochinteressanten Referenten auf die Beine gestellt und ich freue mich, dass unser Traunreuter Weg einmal so beleuchtet wird,\u201c so Erster B\u00fcrgermeister Hans Peter Dangschat zu den Vortr\u00e4gen.<\/p>\n<p>Die Reihe begann am 13. M\u00e4rz mit einem Vortrag von Armin Nassehi, Professor f\u00fcr Soziologie an der LMU M\u00fcnchen zum Thema Migration in die Bundesrepublik. \u201eWir konnten einen herausragenden, zeitgen\u00f6ssischen Intellektuellen zu diesem brennenden Thema gewinnen. Armin Nassehi ist Mitglied in allen wichtigen Zirkeln der Bundesrepublik: Leopoldina, deutscher und bayrischer Ethikrat, um nur einige zu nennen,\u201c so Hans Danner. \u201eEr gilt als Vordenker aktueller politischer und gesellschaftlicher Fragen, u.a. als Gastautor der Welt, Zeit und FAZ und sein aktuelles Buch <em>Kritik der gro\u00dfen Geste<\/em> ist mittlerweile in der dritten Auflage.\u201c<\/p>\n<p>Am 27. M\u00e4rz berichtete Verona Redwitz \u00fcber ihre Erfahrungen als Gastarbeiterin in Traunreut. Gerade diese Erfahrungen sind immer noch ein Stiefkind der Geschichtsschreibung des 20. Jahrhunderts. Umso wertvoller sind die pers\u00f6nlichen Geschichten und Anekdoten. Verona Redwitz, die ihre Kindheit und Jugend in ihrem Buch <em>Das Getreidesieb<\/em> beschreibt, kam Anfang der 70er Jahre aus Kroatien nach Traunreut und wohnt heute noch im Stadtgebiet.<\/p>\n<p>Am Donnerstag, den 24.4. um 18 Uhr wird die Reihe mit einer Kirchenf\u00fchrung und anschlie\u00dfendem Vortrag \u00fcber den Architekten der katholischen Kirche \u201eZum heiligsten Erl\u00f6ser\u201c Hans D\u00f6llgast im Pfarrsaal fortgesetzt. Der Architekt Franz Peter, Mitglied der D\u00f6llgastfreunde, ist ein ausgewiesener Experte der Kirchenbauten von Hans D\u00f6llgast und erkl\u00e4rt die architektonischen Besonderheiten. F\u00fcr diejenigen, die interessiert, was die Architektur von Hans D\u00f6llgast mit dem alten Rom zu tun hat, ist diese F\u00fchrung mit anschlie\u00dfendem Vortrag ein Pflichttermin. Treffpunkt ist um 18 Uhr vor der Kirche, damit man die Kirche bei Tageslicht besser besichtigen kann. Dieser und der n\u00e4chste Vortrag sind Kooperationsveranstaltungen mit den diesj\u00e4hrigen Chiemgauer Kulturtagen, die das Thema <em>Kunst im Freien<\/em> aufgreifen.<\/p>\n<p>Den letzten Vortrag der Reihe h\u00e4lt Hans Danner zum Thema \u201eModerne hat bei uns Tradition \u2013 Traunreut ein herausragendes Baudenkmal?\u201c Schlie\u00dflich gibt es in Traunreut auch mit DASMAXIMUM ein Museum, dass die Moderne in der bildenden Kunst hervorragend repr\u00e4sentiert. \u201eMan kann in Traunreut die St\u00e4dtebauideen der Nachkriegszeit gut nachvollziehen. Mehrere Fragen sollen in meinem Vortrag beantwortet werden,\u201c so Hans Danner: \u201eWie unterscheidet sich die Anlage der Stadt Traunreut vom alten St\u00e4dtebau? Inwieweit wurde die Idee der gegliederten und aufgelockerten Stadt umgesetzt? Hat sich die Moderne bew\u00e4hrt?\u201c Das und mehr sind die Fragestellungen des Vortrags am Donnerstag, den 8.5. um 19 Uhr im Heimathaus.<\/p>\n<p>Abgeschlossen wird die Reihe mit einem Tag der offenen T\u00fcr am Sonntag, den 25.5. im Museumsdepot der Stadt in Traunwalchen. Das alte Feuerwehrhaus \u00f6ffnet dann seine T\u00fcren. Besucher k\u00f6nnen sich ein Bild davonmachen, wie dort die gesammelten Sachgegenst\u00e4nde der Stadt konserviert und aufbewahrt werden.<\/p>\n<p>Neben den Vortr\u00e4gen am Donnerstag stellt das Stadtarchiv Fotografien der Munitionsanlage St. Georgen aus dem Jahr 1946 aus. Sie stammen aus einem Milit\u00e4rarchiv und sind zum ersten Mal so zu sehen. Die Ausstellung kann man von der Osterwoche bis zu den Sommerferien (16.04. bis 30.07) im k1 besichtigen.<\/p>\n<p>Zur Vortragsreihe nochmal Hans-Peter Dangschat: \u201eTraunreut ist einfach eine besondere Stadt. An verschiedenen Orten der Stadt werden hochinteressante geschichtliche Aspekte behandelt, bei denen f\u00fcr jeden etwas dabei ist.\u201c<\/p>\n","protected":false},"excerpt":{"rendered":"<p>Mit einer Vortragsreihe startete Traunreut in das 75-j\u00e4hrige Gemeindejubil\u00e4um. Vor den gro\u00dfen Feierlichkeiten im Sommer werden verschiedene geschichtliche Stationen des 20. Jahrhunderts von Experten beleuchtet. \u201eDer Leiter unseres Archivs, Valentin Haase, hat mit Johannes Danner ein tolles Programm mit hochinteressanten Referenten auf die Beine gestellt und ich freue mich, dass unser Traunreuter Weg einmal so [&hellip;]<\/p>\n","protected":false},"author":2,"featured_media":26416,"comment_status":"closed","ping_status":"closed","sticky":false,"template":"","format":"standard","meta":{"_et_pb_use_builder":"","_et_pb_old_content":"","_et_gb_content_width":"","footnotes":""},"categories":[28],"tags":[],"class_list":["post-26415","post","type-post","status-publish","format-standard","has-post-thumbnail","hentry","category-stadtleben","et-has-post-format-content","et_post_format-et-post-format-standard"],"_links":{"self":[{"href":"https:\/\/www.traunreuter-stadtblatt.de\/index.php?rest_route=\/wp\/v2\/posts\/26415","targetHints":{"allow":["GET"]}}],"collection":[{"href":"https:\/\/www.traunreuter-stadtblatt.de\/index.php?rest_route=\/wp\/v2\/posts"}],"about":[{"href":"https:\/\/www.traunreuter-stadtblatt.de\/index.php?rest_route=\/wp\/v2\/types\/post"}],"author":[{"embeddable":true,"href":"https:\/\/www.traunreuter-stadtblatt.de\/index.php?rest_route=\/wp\/v2\/users\/2"}],"replies":[{"embeddable":true,"href":"https:\/\/www.traunreuter-stadtblatt.de\/index.php?rest_route=%2Fwp%2Fv2%2Fcomments&post=26415"}],"version-history":[{"count":1,"href":"https:\/\/www.traunreuter-stadtblatt.de\/index.php?rest_route=\/wp\/v2\/posts\/26415\/revisions"}],"predecessor-version":[{"id":26417,"href":"https:\/\/www.traunreuter-stadtblatt.de\/index.php?rest_route=\/wp\/v2\/posts\/26415\/revisions\/26417"}],"wp:featuredmedia":[{"embeddable":true,"href":"https:\/\/www.traunreuter-stadtblatt.de\/index.php?rest_route=\/wp\/v2\/media\/26416"}],"wp:attachment":[{"href":"https:\/\/www.traunreuter-stadtblatt.de\/index.php?rest_route=%2Fwp%2Fv2%2Fmedia&parent=26415"}],"wp:term":[{"taxonomy":"category","embeddable":true,"href":"https:\/\/www.traunreuter-stadtblatt.de\/index.php?rest_route=%2Fwp%2Fv2%2Fcategories&post=26415"},{"taxonomy":"post_tag","embeddable":true,"href":"https:\/\/www.traunreuter-stadtblatt.de\/index.php?rest_route=%2Fwp%2Fv2%2Ftags&post=26415"}],"curies":[{"name":"wp","href":"https:\/\/api.w.org\/{rel}","templated":true}]}}