{"id":25759,"date":"2024-12-05T17:17:44","date_gmt":"2024-12-05T16:17:44","guid":{"rendered":"https:\/\/www.traunreuter-stadtblatt.de\/?p=25759"},"modified":"2025-01-09T12:57:33","modified_gmt":"2025-01-09T11:57:33","slug":"freie-fahrt-auf-der-kantstrasse","status":"publish","type":"post","link":"https:\/\/www.traunreuter-stadtblatt.de\/?p=25759","title":{"rendered":"Freie Fahrt auf der Kantstra\u00dfe"},"content":{"rendered":"<h4><strong>Nach sieben Monaten Baustelle wieder freie Fahrt auf der Kantstra\u00dfe<\/strong><\/h4>\n<p><strong>\u00dcber sieben Monate lang war die Kantstra\u00dfe komplett gesperrt. Seit Montagnachmittag flie\u00dft der Verkehr wieder \u00fcber eine der wichtigsten und meistbefahrenen Stra\u00dfen im Traunreuter Stadtgebiet. Die Stra\u00dfe und die zugeh\u00f6rigen Leitungen waren zum einen nach \u00fcber 50 Jahren dringend sanierungsbed\u00fcrftig, zum anderen hat die Stadt Traunreut die Stra\u00dfe grundlegend neugestaltet.<\/strong><\/p>\n<p>\u201eWir sind stolz auf das neue, freundliche Gesicht unserer Kantstra\u00dfe, die jetzt viel mehr Aufenthaltsqualit\u00e4t f\u00fcr alle B\u00fcrgerinnen und B\u00fcrger bietet. Ich danke allen, die in den vergangenen Monaten an dieser kompletten Neugestaltung von \u00fcber 13.000 Quadratmetern beteiligt waren und w\u00fcnsche allzeit gute Fahrt auf der neuen Kantstra\u00dfe\u201c, freute sich Erster B\u00fcrgermeister Hans-Peter Dangschat bei der offiziellen Verkehrsfreigabe am Montag.<\/p>\n<p>W\u00e4hrend die Stra\u00dfe selbst von vorher neun bis zehn Metern Breite auf nun einheitliche sieben Meter verschm\u00e4lert wurde, haben die Aufenthalts- und Gehbereiche deutlich an Qualit\u00e4t gewonnen. Die ans\u00e4ssigen Gesch\u00e4fte und Gastronomen haben nun mehr M\u00f6glichkeiten, die Fl\u00e4chen vor ihrem Betrieb zu nutzen, f\u00fcr die B\u00fcrgerinnen und B\u00fcrger wurden Flanierbereiche geschaffen, die zum Verweilen einladen.<\/p>\n<p>Wie schon in anderen Gebieten der Stadt wurde in der Kantstra\u00dfe ein Bodenleitsystem f\u00fcr sehbehinderte Menschen angebracht und auf hohe Barrierefreiheit geachtet. Neu sind au\u00dferdem gro\u00dfe, schon jetzt winterlich bepflanzte, Blumenbeete mit Sitzm\u00f6glichkeiten, Lades\u00e4ulen f\u00fcr E-Autos, eine verbesserte Stra\u00dfenbeleuchtung und Fahrradschutzstreifen, die in den n\u00e4chsten Wochen noch entsprechend auf der Fahrbahn markiert werden. Die Anzahl der B\u00e4ume in der Kantstra\u00dfe wird erh\u00f6ht und es stehen weiterhin gleich viele Parkfl\u00e4chen zur Verf\u00fcgung, die allerdings neu angeordnet wurden.<\/p>\n<p>Bevor die Stadt Ende April dieses Jahres mit den umf\u00e4nglichen Tiefbau- und Umgestaltungsarbeiten in der Kantstra\u00dfe begonnen hat, hatten sich die Stadtwerke Traunreut schon 2023 um Wasser, Abwasser und Fernw\u00e4rmeleitungen gek\u00fcmmert. Insgesamt sind f\u00fcr die umf\u00e4ngliche Neugestaltung der Kantstra\u00dfe 4,5 Millionen Euro an Kosten geplant, wovon 700.000 Euro im Rahmen des Bund-L\u00e4nder-Programms \u201eLebendige Zentren\u201c durch die Regierung von Oberbayern gef\u00f6rdert werden.<\/p>\n<p>Erster B\u00fcrgermeister Hans-Peter Dangschat stellte bei der offiziellen Verkehrsfreigabe am Montag au\u00dferdem ein neues F\u00f6rderprogramm zur Fassadensanierung in der Innenstadt in Aussicht. Die notwendigen Grundlagenbeschl\u00fcsse wurden im Stadtrat bereits gefasst und die Beantragung bei der entsprechenden F\u00f6rderstelle l\u00e4uft.<\/p>\n<p>In der Kantstra\u00dfe selbst laufen in den kommenden Wochen noch letzte Detailarbeiten, die bei laufendem Verkehr m\u00f6glich sind. Im kommenden Jahr folgen dann saisonal bedingt noch Bepflanzungen der Gr\u00fcnbereiche.<\/p>\n<p>&nbsp;<\/p>\n<p>Foto: Gaben die Stra\u00dfe symbolisch f\u00fcr den Verkehr frei: Die drei B\u00fcrgermeister, Vertreter der Planungs- und Baufirmen sowie des Bauamts und der Stadtwerke<\/p>\n","protected":false},"excerpt":{"rendered":"<p>Nach sieben Monaten Baustelle wieder freie Fahrt auf der Kantstra\u00dfe \u00dcber sieben Monate lang war die Kantstra\u00dfe komplett gesperrt. Seit Montagnachmittag flie\u00dft der Verkehr wieder \u00fcber eine der wichtigsten und meistbefahrenen Stra\u00dfen im Traunreuter Stadtgebiet. Die Stra\u00dfe und die zugeh\u00f6rigen Leitungen waren zum einen nach \u00fcber 50 Jahren dringend sanierungsbed\u00fcrftig, zum anderen hat die Stadt [&hellip;]<\/p>\n","protected":false},"author":2,"featured_media":25760,"comment_status":"closed","ping_status":"closed","sticky":false,"template":"","format":"standard","meta":{"_et_pb_use_builder":"","_et_pb_old_content":"","_et_gb_content_width":"","footnotes":""},"categories":[28],"tags":[],"class_list":["post-25759","post","type-post","status-publish","format-standard","has-post-thumbnail","hentry","category-stadtleben","et-has-post-format-content","et_post_format-et-post-format-standard"],"_links":{"self":[{"href":"https:\/\/www.traunreuter-stadtblatt.de\/index.php?rest_route=\/wp\/v2\/posts\/25759","targetHints":{"allow":["GET"]}}],"collection":[{"href":"https:\/\/www.traunreuter-stadtblatt.de\/index.php?rest_route=\/wp\/v2\/posts"}],"about":[{"href":"https:\/\/www.traunreuter-stadtblatt.de\/index.php?rest_route=\/wp\/v2\/types\/post"}],"author":[{"embeddable":true,"href":"https:\/\/www.traunreuter-stadtblatt.de\/index.php?rest_route=\/wp\/v2\/users\/2"}],"replies":[{"embeddable":true,"href":"https:\/\/www.traunreuter-stadtblatt.de\/index.php?rest_route=%2Fwp%2Fv2%2Fcomments&post=25759"}],"version-history":[{"count":3,"href":"https:\/\/www.traunreuter-stadtblatt.de\/index.php?rest_route=\/wp\/v2\/posts\/25759\/revisions"}],"predecessor-version":[{"id":25763,"href":"https:\/\/www.traunreuter-stadtblatt.de\/index.php?rest_route=\/wp\/v2\/posts\/25759\/revisions\/25763"}],"wp:featuredmedia":[{"embeddable":true,"href":"https:\/\/www.traunreuter-stadtblatt.de\/index.php?rest_route=\/wp\/v2\/media\/25760"}],"wp:attachment":[{"href":"https:\/\/www.traunreuter-stadtblatt.de\/index.php?rest_route=%2Fwp%2Fv2%2Fmedia&parent=25759"}],"wp:term":[{"taxonomy":"category","embeddable":true,"href":"https:\/\/www.traunreuter-stadtblatt.de\/index.php?rest_route=%2Fwp%2Fv2%2Fcategories&post=25759"},{"taxonomy":"post_tag","embeddable":true,"href":"https:\/\/www.traunreuter-stadtblatt.de\/index.php?rest_route=%2Fwp%2Fv2%2Ftags&post=25759"}],"curies":[{"name":"wp","href":"https:\/\/api.w.org\/{rel}","templated":true}]}}