{"id":25728,"date":"2024-11-07T14:33:41","date_gmt":"2024-11-07T13:33:41","guid":{"rendered":"https:\/\/www.traunreuter-stadtblatt.de\/?p=25728"},"modified":"2024-11-07T14:33:41","modified_gmt":"2024-11-07T13:33:41","slug":"ksk-vereinsausflug-2024","status":"publish","type":"post","link":"https:\/\/www.traunreuter-stadtblatt.de\/?p=25728","title":{"rendered":"KSK  Vereinsausflug 2024"},"content":{"rendered":"<p><strong>Am Wochenende vom 14. auf 15. September 2024 fand heuer der allj\u00e4hrliche Vereinsausflug von der Krieger- und Soldatenkameradschaft aus St. Georgen statt. Das erste Mal in der Vereinsgeschichte konnte man einen 2-Tages-Ausflug nach S\u00fcdtirol organisieren. Wie auch die letzten Ausfl\u00fcge zu den Krimmler Wasserf\u00e4llen in \u00d6sterreich sowie an den Wallberg am Tegernsee konnte das Busunternehmen Marx aus Fridolfing als Partner f\u00fcr die Reise mit eingebunden werden.<\/strong><\/p>\n<p>Die 42-k\u00f6pfige Reisegruppe startete bei regnerischem Wetter den Vereinsausflug um 7:00 Uhr bei der Raiffeisenbank in St. Georgen. Die Wettervorhersagen f\u00fcr das Wochenende waren extrem ung\u00fcnstig, aber das tat der guten Stimmung keinen Abbruch. Vor allem, als es dann in der N\u00e4he von Innsbruck eine Brotzeitpause gab. Hier servierte der 2. Vorstand, Konrad Schroll, gemeinsam mit seiner Frau Monika warme Leberk\u00e4s Semmeln zur Freude aller Teilnehmer. Es hatte bereits aufgeh\u00f6rt zu regnen und so konnte die kleine St\u00e4rkung sogar im Freien gemacht werden.<\/p>\n<p>Der Busfahrer Siegi Linder war sehr ortskundig und hat w\u00e4hrend der Fahrt viele Dinge erkl\u00e4rt und angesprochen, so da\u00df die Reisegruppe jederzeit gut informiert gewesen ist. Das Wetter wurde immer besser, so da\u00df das Thermometer \u00fcber den Tag hinweg schlie\u00dflich fast 20\u00b0C erreicht hat. Sonnenschein gab es zwar nicht, aber grunds\u00e4tzlich ein optimales Reisewetter. Am Reschen-Stausee machte die Gruppe einen kleinen Fotostop, um das beliebte \u201ePostkartenmotiv\u201c mit dem versunkenem Kirchturm in Realit\u00e4t anzuschauen und nat\u00fcrlich zu fotografieren.<\/p>\n<p>Weiter ging`s nach Meran, wo dann auch etwas Zeit zur freien Verf\u00fcgung stand. Die Teilnehmer genossen die sch\u00f6nen Stunden und machten sich eine gem\u00fctliche Mittagszeit dort.<br \/>\nIm Laufe des Nachmittags fuhr der Bus dann mit der Reisegruppe zum Sporthotel Sp\u00f6gler in Kloben am Ritten. Auch hier hatte man noch etwas Zeit, um die Strapazen vom Tage im sch\u00f6nen Wellnessbereich ausklingen zu lassen. Oder auch ein Spaziergang zu den sich ganz in der N\u00e4he befindlichen Erdpyramiden konnte noch in aller Ruhe zu Fu\u00df unternommen werden.<\/p>\n<p>Gegen 19:00 Uhr trafen sich dann alle Teilnehmer zum gemeinsamen 4-G\u00e4nge-Abendessen, wo viel geratscht, erz\u00e4hlt und vor allem gelacht wurde. Bis sp\u00e4t in die Nacht lies man den Tag mit dem ein oder anderem Bier oder nat\u00fcrlich auch mit der ein oder anderen Flasche guten Landwein \u2013 das geh\u00f6rt ja in S\u00fcdtirol auf jeden Fall mit dazu \u2013 ausklingen. Die Wirtshauskultur bleibt bei einem KSK \u2013 Ausflug auf keinen Fall auf der Strecke.<\/p>\n<p>Am n\u00e4chsten Tag traf man sich gegen 9:00 Uhr zum gemeinsamen Fr\u00fchst\u00fcck. Gegen 10:00 Uhr wurde das Gruppenbild gemacht, bevor die Reisegruppe vollz\u00e4hlig wieder in Richtung Heimat aufgebrochen ist.<br \/>\nNach einem kurzen Aufenthalt mit Kaffeepause in Bozen besuchten wir noch das Weingut, Brennerei und Biohof RADOAR in Feldturns. Norbert Blasbichler erz\u00e4hlte uns sehr, sehr ausgiebig \u00fcber seinen Betrieb sowie die Verarbeitung von den Trauben, bis man endlich die Weinprobe machen konnte. Hierzu gab es eine landestypische Speck- und K\u00e4sebrotzeit aus S\u00fcdtirol, welche die ganze Verkostung hervorragend abgerundet hat. Gegen Ende der Veranstaltung konnten auch die die Lik\u00f6re und Schn\u00e4pse probiert und verkostet werden.<\/p>\n<p>Die Heimreise verlief relativ unspektakul\u00e4r. Alle Teilnehmer waren m\u00fcde und konnten bei guten Gespr\u00e4chen \u00fcber das Wochenende mit einigen sehenswerten Erlebnissen und vor allem auch das Wettergl\u00fcck austauschen. P\u00fcnktlich um 19:00 Uhr war man dann auch wieder in St. Georgen. In der Heimat regnete es immer noch.<br \/>\nEin paar Teilnehmer lie\u00dfen den Ausflug beim Dorfwirt in St. Georgen dann noch in aller Ruhe ausklingen.<\/p>\n<p>\u201eWir haben eine super sch\u00f6ne Zeit verbracht und hatten mal wieder ein beeindruckendes Reiseziel\u201c, freute sich der 1. Vorstand und Reiseleiter Markus Schupfner. S\u00fcdtirol ist immer eine Reise wert.<br \/>\nDer Ausflug hatte f\u00fcr jeden Teilnehmer (im Alter von ca. 20 Jahren bis teilweise \u00fcber 80 Jahre\u2026) und somit auch f\u00fcr jeden Geschmack was zu bieten. Die Reiseg\u00e4ste waren sich einig, dass auch im n\u00e4chsten Jahr wieder ein Vereinsausflug von der Krieger- und Soldatenkameradschaft stattfinden bzw. ausgerichtet werden soll. \u201eWir versuchen, n\u00e4chstes Jahr auf jeden Fall einen Tagesausflug zu unternehmen. Beim neuen Ziel sind wir uns noch nicht ganz einig. Aber z.B. das Salzkammergut bietet uns viele M\u00f6glichkeiten.\u201c Das Datum steht dagegen mit Sonntag, den 21. September 2025 schonmal so gut wie fest.<\/p>\n<p>Nach der Vereinsausflug &#8211; ist vor dem Vereinsausflug. Die Planungen f\u00fcr 2025 sind also schon wieder am Laufen.<\/p>\n","protected":false},"excerpt":{"rendered":"<p>Am Wochenende vom 14. auf 15. September 2024 fand heuer der allj\u00e4hrliche Vereinsausflug von der Krieger- und Soldatenkameradschaft aus St. Georgen statt. Das erste Mal in der Vereinsgeschichte konnte man einen 2-Tages-Ausflug nach S\u00fcdtirol organisieren. Wie auch die letzten Ausfl\u00fcge zu den Krimmler Wasserf\u00e4llen in \u00d6sterreich sowie an den Wallberg am Tegernsee konnte das Busunternehmen [&hellip;]<\/p>\n","protected":false},"author":2,"featured_media":25729,"comment_status":"closed","ping_status":"closed","sticky":false,"template":"","format":"standard","meta":{"_et_pb_use_builder":"","_et_pb_old_content":"","_et_gb_content_width":"","footnotes":""},"categories":[29],"tags":[],"class_list":["post-25728","post","type-post","status-publish","format-standard","has-post-thumbnail","hentry","category-vereinsleben","et-has-post-format-content","et_post_format-et-post-format-standard"],"_links":{"self":[{"href":"https:\/\/www.traunreuter-stadtblatt.de\/index.php?rest_route=\/wp\/v2\/posts\/25728","targetHints":{"allow":["GET"]}}],"collection":[{"href":"https:\/\/www.traunreuter-stadtblatt.de\/index.php?rest_route=\/wp\/v2\/posts"}],"about":[{"href":"https:\/\/www.traunreuter-stadtblatt.de\/index.php?rest_route=\/wp\/v2\/types\/post"}],"author":[{"embeddable":true,"href":"https:\/\/www.traunreuter-stadtblatt.de\/index.php?rest_route=\/wp\/v2\/users\/2"}],"replies":[{"embeddable":true,"href":"https:\/\/www.traunreuter-stadtblatt.de\/index.php?rest_route=%2Fwp%2Fv2%2Fcomments&post=25728"}],"version-history":[{"count":1,"href":"https:\/\/www.traunreuter-stadtblatt.de\/index.php?rest_route=\/wp\/v2\/posts\/25728\/revisions"}],"predecessor-version":[{"id":25730,"href":"https:\/\/www.traunreuter-stadtblatt.de\/index.php?rest_route=\/wp\/v2\/posts\/25728\/revisions\/25730"}],"wp:featuredmedia":[{"embeddable":true,"href":"https:\/\/www.traunreuter-stadtblatt.de\/index.php?rest_route=\/wp\/v2\/media\/25729"}],"wp:attachment":[{"href":"https:\/\/www.traunreuter-stadtblatt.de\/index.php?rest_route=%2Fwp%2Fv2%2Fmedia&parent=25728"}],"wp:term":[{"taxonomy":"category","embeddable":true,"href":"https:\/\/www.traunreuter-stadtblatt.de\/index.php?rest_route=%2Fwp%2Fv2%2Fcategories&post=25728"},{"taxonomy":"post_tag","embeddable":true,"href":"https:\/\/www.traunreuter-stadtblatt.de\/index.php?rest_route=%2Fwp%2Fv2%2Ftags&post=25728"}],"curies":[{"name":"wp","href":"https:\/\/api.w.org\/{rel}","templated":true}]}}