{"id":25493,"date":"2024-09-19T15:27:07","date_gmt":"2024-09-19T13:27:07","guid":{"rendered":"https:\/\/www.traunreuter-stadtblatt.de\/?p=25493"},"modified":"2024-09-19T15:27:07","modified_gmt":"2024-09-19T13:27:07","slug":"seniorengarten-auszeit","status":"publish","type":"post","link":"https:\/\/www.traunreuter-stadtblatt.de\/?p=25493","title":{"rendered":"Seniorengarten Auszeit"},"content":{"rendered":"<p><strong>Fragen Sie sich auch manchmal: \u201eWo ist meine Generation? Wo kann ich Gleichaltrige, die nicht alleine zurechtkommen, treffen, um nicht nur zu Hause zu sitzen?<\/strong><\/p>\n<p>Diese Fragen stellte sich auch die HEP Auszubildende Frau Kornelija Selesi als sie einen Veranstaltungsort zum Schulprojekt f\u00fcr \u00e4ltere Menschen mit Beeintr\u00e4chtigung suchte.<\/p>\n<p>\u201eAus dem Alltag raus und mit anderen Senioren*innen einen sch\u00f6nen Nachmittag verbringen\u201c, war das Motto der zuk\u00fcnftigen Heilerziehungspflegerin. Begegnungen schaffen f\u00fcr Menschen mit Beeintr\u00e4chtigung, soziale Kontakte kn\u00fcpfen, aktiv bleiben, mit Spiel &amp; Spa\u00df vorhandene Ressourcen erhalten und f\u00f6rdern ist ihr im Seniorengarten Auszeit zur Freude aller gelungen.<br \/>\nVergn\u00fcgen f\u00fcr \u00e4ltere Menschen, Demenzkranke, gleichzeitig Unterst\u00fctzung und Entlastung f\u00fcr Angeh\u00f6rige: Um die Betreuung und das Wohlergehen in der ambulanten Tagespflege k\u00fcmmern sich liebevoll Fachkr\u00e4fte und ehrenamtliche Helfer*innen. Abwechslung im Alltag und mehr positive, wohltuende Momente in geselliger Runde erleben Sie im Seniorengarten Auszeit.<\/p>\n<p>Mehr Infos unter der Telefonnummer 08669\/2277 oder per E-Mail an: seniorengarten@gemeindeverein-traunreut.de<br \/>\n<a href=\"http:\/\/www.seniorengarten-auszeit.de\">www.seniorengarten-auszeit.de<\/a><\/p>\n<p><em>Auf dem Foto: v. r. HEP Auszubildende Kornelija Selesi mit Gisela, Petra und Brigitte<\/em><\/p>\n","protected":false},"excerpt":{"rendered":"<p>Fragen Sie sich auch manchmal: \u201eWo ist meine Generation? Wo kann ich Gleichaltrige, die nicht alleine zurechtkommen, treffen, um nicht nur zu Hause zu sitzen? Diese Fragen stellte sich auch die HEP Auszubildende Frau Kornelija Selesi als sie einen Veranstaltungsort zum Schulprojekt f\u00fcr \u00e4ltere Menschen mit Beeintr\u00e4chtigung suchte. \u201eAus dem Alltag raus und mit anderen [&hellip;]<\/p>\n","protected":false},"author":2,"featured_media":25494,"comment_status":"closed","ping_status":"closed","sticky":false,"template":"","format":"standard","meta":{"_et_pb_use_builder":"","_et_pb_old_content":"","_et_gb_content_width":"","footnotes":""},"categories":[31],"tags":[],"class_list":["post-25493","post","type-post","status-publish","format-standard","has-post-thumbnail","hentry","category-kirchen-soziales","et-has-post-format-content","et_post_format-et-post-format-standard"],"_links":{"self":[{"href":"https:\/\/www.traunreuter-stadtblatt.de\/index.php?rest_route=\/wp\/v2\/posts\/25493","targetHints":{"allow":["GET"]}}],"collection":[{"href":"https:\/\/www.traunreuter-stadtblatt.de\/index.php?rest_route=\/wp\/v2\/posts"}],"about":[{"href":"https:\/\/www.traunreuter-stadtblatt.de\/index.php?rest_route=\/wp\/v2\/types\/post"}],"author":[{"embeddable":true,"href":"https:\/\/www.traunreuter-stadtblatt.de\/index.php?rest_route=\/wp\/v2\/users\/2"}],"replies":[{"embeddable":true,"href":"https:\/\/www.traunreuter-stadtblatt.de\/index.php?rest_route=%2Fwp%2Fv2%2Fcomments&post=25493"}],"version-history":[{"count":1,"href":"https:\/\/www.traunreuter-stadtblatt.de\/index.php?rest_route=\/wp\/v2\/posts\/25493\/revisions"}],"predecessor-version":[{"id":25495,"href":"https:\/\/www.traunreuter-stadtblatt.de\/index.php?rest_route=\/wp\/v2\/posts\/25493\/revisions\/25495"}],"wp:featuredmedia":[{"embeddable":true,"href":"https:\/\/www.traunreuter-stadtblatt.de\/index.php?rest_route=\/wp\/v2\/media\/25494"}],"wp:attachment":[{"href":"https:\/\/www.traunreuter-stadtblatt.de\/index.php?rest_route=%2Fwp%2Fv2%2Fmedia&parent=25493"}],"wp:term":[{"taxonomy":"category","embeddable":true,"href":"https:\/\/www.traunreuter-stadtblatt.de\/index.php?rest_route=%2Fwp%2Fv2%2Fcategories&post=25493"},{"taxonomy":"post_tag","embeddable":true,"href":"https:\/\/www.traunreuter-stadtblatt.de\/index.php?rest_route=%2Fwp%2Fv2%2Ftags&post=25493"}],"curies":[{"name":"wp","href":"https:\/\/api.w.org\/{rel}","templated":true}]}}