{"id":25422,"date":"2024-08-06T13:17:15","date_gmt":"2024-08-06T11:17:15","guid":{"rendered":"https:\/\/www.traunreuter-stadtblatt.de\/?p=25422"},"modified":"2024-08-06T13:22:00","modified_gmt":"2024-08-06T11:22:00","slug":"der-soziale-tag-2024","status":"publish","type":"post","link":"https:\/\/www.traunreuter-stadtblatt.de\/?p=25422","title":{"rendered":"Der Soziale Tag 2024"},"content":{"rendered":"<p><strong>Sch\u00fclerinnen und Sch\u00fcler engagierten sich bei \u201eDer Soziale Tag 2024\u201c f\u00fcr Gleichaltrige in schwierigen Lebenslagen. Auch im Franz-Haberlander-Freibad wurde am bundesweiten Aktionstag Einsatz gezeigt.<\/strong><\/p>\n<p>In Traunreut und im restlichen Bundesgebiet tauschten vergangenen Mittwoch \u00fcber 60.000 Sch\u00fclerinnen und Sch\u00fcler ihr Klassenzimmer gegen einen Arbeitsplatz. Sie alle spenden ihren Lohn f\u00fcr Gleichaltrige in S\u00fcdosteuropa und wollen so ein klares Zeichen f\u00fcr Solidarit\u00e4t und Frieden setzen. In Traunreut leistete der 14-j\u00e4hrige Jakob seinen Beitrag im Franz-Haberlander-Freibad. Die Sch\u00fclerinnen und Sch\u00fcler beteiligen sich am <a href=\"http:\/\/www.sozialertag.de\">Sozialen <\/a>Tag, der einmal im Jahr von Deutschlands gr\u00f6\u00dfter jugendlichen Hilfsorganisation \u201eSch\u00fcler\/-innen Helfen Leben\u201c umgesetzt wird. An diesem deutschlandweiten Aktionstag arbeiten Sch\u00fclerinnen und Sch\u00fcler entweder in einem lokalen Betrieb, Gesch\u00e4ft oder einfach zu Hause und spenden ihren erarbeiteten Lohn f\u00fcr nachhaltige Jugend- und Bildungsprojekte in S\u00fcdosteuropa, Jordanien und in der Ukraine. Ganz nach dem Motto: Von Jugendlichen f\u00fcr Jugendliche!<\/p>\n<p>Jakob war am Sozialen Tag bei den Stadtwerken Traunreut im Franz-Haberlander-Freibad aktiv und zeigte sich sehr motiviert und engagiert. B\u00e4derleiter Andreas Lohr zeigte sich begeistert vom Engagement seines Praktikanten: \u201eJakob hat sich sehr wissbegierig gezeigt und hat meine Kollegen heute gro\u00dfartig bei deren T\u00e4tigkeiten unterst\u00fctzt. Wir konnten Jakob einen kleinen Einblick \u201ehinter die Kulissen\u201c eines Badbetriebes erm\u00f6glichen. Es hat uns eine Menge Spa\u00df gemacht. Wir sch\u00e4tzen das Engagement von Jakob sehr und haben es deshalb auch sehr gerne unterst\u00fctzt.\u201c<\/p>\n<p>Neben vielen Ministerpr\u00e4sidentinnen und Ministerpr\u00e4sidenten \u00fcbernimmt auch Bundeskanzler Olaf Scholz die Schirmherrschaft f\u00fcr den Sozialen Tag 2024 und sagt dazu folgendes: \u201eWas das eigene Engagement bewirken kann und was der Einsatz von vielen zusammen erreichen kann \u2013 das zeigt der Soziale Tag. Ich danke allen Sch\u00fclerinnen und Sch\u00fclern, die beim Sozialen Tag mitmachen. Mit Eurer Arbeit und den Spenden sorgt Ihr daf\u00fcr, dass es anderen Kindern und Jugendlichen auf der Welt besser geht. Danke f\u00fcr Euer gro\u00dfartiges Engagement.\u201c<\/p>\n<p>Der Soziale Tag existiert seit 2006 in ganz Deutschland. Insgesamt haben seitdem \u00fcber zwei Millionen Sch\u00fclerinnen und Sch\u00fcler daran teilgenommen. Innerhalb der letzten Jahre kamen so ca. 35 Millionen Euro f\u00fcr \u00fcber 150 Jugend- und Bildungsprojekte zusammen. Sch\u00fclerinnen und Sch\u00fcler haben die M\u00f6glichkeit, selbstorganisiert in die Arbeitswelt hineinzuschnuppern und engagieren sich nebenbei \u00fcber nationale Grenzen hinweg f\u00fcr Gleichaltrige in schwierigen Lebenslagen. Dabei setzen sie ein Zeichen f\u00fcr Frieden, Demokratie und Solidarit\u00e4t.<\/p>\n<p>\u201eSch\u00fcler\/innen Helfen Leben\u201c (SHL) ist die gr\u00f6\u00dfte jugendliche Hilfsorganisation in Deutschland mit jahrzehntelanger Arbeitserfahrung in (Post-)Konfliktregionen. Sie f\u00f6rdert und betreibt Jugendprojekte mit den Themenschwerpunkten Bildung, Begegnung, Demokratie und Engagement. Einmal im Jahr richtet SHL deutschlandweit den Sozialen Tag aus. Junge Menschen erm\u00f6glichen so nachhaltige Projekte in S\u00fcdosteuropa, im Kontext des Syrien-Konflikts und des russischen Angriffskriegs gegen die Ukraine. Dabei kommen j\u00e4hrlich ca. 1 Millionen Euro zusammen.<\/p>\n<p>Bild: Rettungsschwimmer Thomas Reddemann zusammen mit Praktikant Jakob beim Auswerten von Badewasserproben in Hinsicht auf pH Wert und gebundenes bzw. freies Chlor. Die Proben dienen zur \u00dcberpr\u00fcfung der Badewasserqualit\u00e4t und Einhaltung der Hygieneparameter eines Freibades.<\/p>\n","protected":false},"excerpt":{"rendered":"<p>Sch\u00fclerinnen und Sch\u00fcler engagierten sich bei \u201eDer Soziale Tag 2024\u201c f\u00fcr Gleichaltrige in schwierigen Lebenslagen. Auch im Franz-Haberlander-Freibad wurde am bundesweiten Aktionstag Einsatz gezeigt. In Traunreut und im restlichen Bundesgebiet tauschten vergangenen Mittwoch \u00fcber 60.000 Sch\u00fclerinnen und Sch\u00fcler ihr Klassenzimmer gegen einen Arbeitsplatz. Sie alle spenden ihren Lohn f\u00fcr Gleichaltrige in S\u00fcdosteuropa und wollen so [&hellip;]<\/p>\n","protected":false},"author":2,"featured_media":25423,"comment_status":"closed","ping_status":"closed","sticky":false,"template":"","format":"standard","meta":{"_et_pb_use_builder":"","_et_pb_old_content":"","_et_gb_content_width":"","footnotes":""},"categories":[28],"tags":[],"class_list":["post-25422","post","type-post","status-publish","format-standard","has-post-thumbnail","hentry","category-stadtleben","et-has-post-format-content","et_post_format-et-post-format-standard"],"_links":{"self":[{"href":"https:\/\/www.traunreuter-stadtblatt.de\/index.php?rest_route=\/wp\/v2\/posts\/25422","targetHints":{"allow":["GET"]}}],"collection":[{"href":"https:\/\/www.traunreuter-stadtblatt.de\/index.php?rest_route=\/wp\/v2\/posts"}],"about":[{"href":"https:\/\/www.traunreuter-stadtblatt.de\/index.php?rest_route=\/wp\/v2\/types\/post"}],"author":[{"embeddable":true,"href":"https:\/\/www.traunreuter-stadtblatt.de\/index.php?rest_route=\/wp\/v2\/users\/2"}],"replies":[{"embeddable":true,"href":"https:\/\/www.traunreuter-stadtblatt.de\/index.php?rest_route=%2Fwp%2Fv2%2Fcomments&post=25422"}],"version-history":[{"count":1,"href":"https:\/\/www.traunreuter-stadtblatt.de\/index.php?rest_route=\/wp\/v2\/posts\/25422\/revisions"}],"predecessor-version":[{"id":25424,"href":"https:\/\/www.traunreuter-stadtblatt.de\/index.php?rest_route=\/wp\/v2\/posts\/25422\/revisions\/25424"}],"wp:featuredmedia":[{"embeddable":true,"href":"https:\/\/www.traunreuter-stadtblatt.de\/index.php?rest_route=\/wp\/v2\/media\/25423"}],"wp:attachment":[{"href":"https:\/\/www.traunreuter-stadtblatt.de\/index.php?rest_route=%2Fwp%2Fv2%2Fmedia&parent=25422"}],"wp:term":[{"taxonomy":"category","embeddable":true,"href":"https:\/\/www.traunreuter-stadtblatt.de\/index.php?rest_route=%2Fwp%2Fv2%2Fcategories&post=25422"},{"taxonomy":"post_tag","embeddable":true,"href":"https:\/\/www.traunreuter-stadtblatt.de\/index.php?rest_route=%2Fwp%2Fv2%2Ftags&post=25422"}],"curies":[{"name":"wp","href":"https:\/\/api.w.org\/{rel}","templated":true}]}}