{"id":23528,"date":"2024-02-28T12:57:47","date_gmt":"2024-02-28T11:57:47","guid":{"rendered":"https:\/\/www.traunreuter-stadtblatt.de\/?p=23528"},"modified":"2024-02-28T12:57:47","modified_gmt":"2024-02-28T11:57:47","slug":"grosszuegiges-sponsoring-der-tus-handballer","status":"publish","type":"post","link":"https:\/\/www.traunreuter-stadtblatt.de\/?p=23528","title":{"rendered":"Grossz\u00fcgiges Sponsoring  der TUS Handballer"},"content":{"rendered":"<p><span data-offset-key=\"7o9tl-0-0\">Die m\u00e4nnliche B-Jugend der TuS Handballabteilung freute sich j\u00fcngst \u00fcber Trainingsanz\u00fcge, gesponsert von der Freitag Montagegesellschaft mbH &amp; Co. KG mit Sitz in Traunreut. Ein gro\u00dfer Dank geht an den Gesch\u00e4ftsf\u00fchrer Andreas Ludwig f\u00fcr die \u00dcbernahme der gesamten Kosten! Aktuell in der \u00dcBOL streben die jungen Handballspieler in einer k\u00fcnftigen gemeinsamen A-Jugend mit dem SBC Traunstein den Einstieg in die Landesliga an. Erst vor Kurzem konnte die Mannschaft die in dieser Saison noch ungeschlagenen Salzburger Handballer in einem spannenden Spiel besiegen.<\/span><\/p>\n","protected":false},"excerpt":{"rendered":"<p>Die m\u00e4nnliche B-Jugend der TuS Handballabteilung freute sich j\u00fcngst \u00fcber Trainingsanz\u00fcge, gesponsert von der Freitag Montagegesellschaft mbH &amp; Co. KG mit Sitz in Traunreut. Ein gro\u00dfer Dank geht an den Gesch\u00e4ftsf\u00fchrer Andreas Ludwig f\u00fcr die \u00dcbernahme der gesamten Kosten! Aktuell in der \u00dcBOL streben die jungen Handballspieler in einer k\u00fcnftigen gemeinsamen A-Jugend mit dem SBC [&hellip;]<\/p>\n","protected":false},"author":2,"featured_media":23529,"comment_status":"closed","ping_status":"closed","sticky":false,"template":"","format":"standard","meta":{"_et_pb_use_builder":"","_et_pb_old_content":"","_et_gb_content_width":"","footnotes":""},"categories":[29],"tags":[],"class_list":["post-23528","post","type-post","status-publish","format-standard","has-post-thumbnail","hentry","category-vereinsleben","et-has-post-format-content","et_post_format-et-post-format-standard"],"_links":{"self":[{"href":"https:\/\/www.traunreuter-stadtblatt.de\/index.php?rest_route=\/wp\/v2\/posts\/23528","targetHints":{"allow":["GET"]}}],"collection":[{"href":"https:\/\/www.traunreuter-stadtblatt.de\/index.php?rest_route=\/wp\/v2\/posts"}],"about":[{"href":"https:\/\/www.traunreuter-stadtblatt.de\/index.php?rest_route=\/wp\/v2\/types\/post"}],"author":[{"embeddable":true,"href":"https:\/\/www.traunreuter-stadtblatt.de\/index.php?rest_route=\/wp\/v2\/users\/2"}],"replies":[{"embeddable":true,"href":"https:\/\/www.traunreuter-stadtblatt.de\/index.php?rest_route=%2Fwp%2Fv2%2Fcomments&post=23528"}],"version-history":[{"count":1,"href":"https:\/\/www.traunreuter-stadtblatt.de\/index.php?rest_route=\/wp\/v2\/posts\/23528\/revisions"}],"predecessor-version":[{"id":23530,"href":"https:\/\/www.traunreuter-stadtblatt.de\/index.php?rest_route=\/wp\/v2\/posts\/23528\/revisions\/23530"}],"wp:featuredmedia":[{"embeddable":true,"href":"https:\/\/www.traunreuter-stadtblatt.de\/index.php?rest_route=\/wp\/v2\/media\/23529"}],"wp:attachment":[{"href":"https:\/\/www.traunreuter-stadtblatt.de\/index.php?rest_route=%2Fwp%2Fv2%2Fmedia&parent=23528"}],"wp:term":[{"taxonomy":"category","embeddable":true,"href":"https:\/\/www.traunreuter-stadtblatt.de\/index.php?rest_route=%2Fwp%2Fv2%2Fcategories&post=23528"},{"taxonomy":"post_tag","embeddable":true,"href":"https:\/\/www.traunreuter-stadtblatt.de\/index.php?rest_route=%2Fwp%2Fv2%2Ftags&post=23528"}],"curies":[{"name":"wp","href":"https:\/\/api.w.org\/{rel}","templated":true}]}}