{"id":23139,"date":"2023-11-29T13:12:55","date_gmt":"2023-11-29T12:12:55","guid":{"rendered":"https:\/\/www.traunreuter-stadtblatt.de\/?p=23139"},"modified":"2023-11-29T13:12:55","modified_gmt":"2023-11-29T12:12:55","slug":"zammkemma-der-traunwalchner-trachtler","status":"publish","type":"post","link":"https:\/\/www.traunreuter-stadtblatt.de\/?p=23139","title":{"rendered":"\u201eZammkemma\u201c der Traunwalchner Trachtler"},"content":{"rendered":"<p>Einen gem\u00fctlichen Nachmittag verbrachten die Traunwalchner Trachtler in Aschau im Chiemgau. Nachdem die Kinder- und Jugendgruppe sowie die Aktiven des Vereins, ihre Ausfl\u00fcge bereits im Sp\u00e4tsommer genie\u00dfen durften, folgten am vergangenen Wochenende \u00fcber drei\u00dfig Traunviertler Vereinsmitglieder der Einladung zum gem\u00fctlichen \u201eZammkemma\u201c ins Cafe Pauli.<br \/>\nBei sch\u00f6nem Herbstwetter wanderte man rund um den nahegelegen B\u00e4rnsee, bevor sich alle zu Kaffee und Kuchen oder einer \u201eHalbe Bier\u201c mit Brotzeit wieder trafen. Auch f\u00fcr die Familien mit Kindern war mit Streichelzoo und Kinderspielplatz einiges geboten.<\/p>\n<p>Bei netten Gespr\u00e4chen tauschte man sich aus und freut sich nun auf die Stade-Zeit mit Treffen beim vereinseigenen Gl\u00fchwagerl in Traunwalchen und Oberwalchen sowie der bevorstehenden Jahresabschlussfeier am 16.12.2023.<\/p>\n","protected":false},"excerpt":{"rendered":"<p>Einen gem\u00fctlichen Nachmittag verbrachten die Traunwalchner Trachtler in Aschau im Chiemgau. Nachdem die Kinder- und Jugendgruppe sowie die Aktiven des Vereins, ihre Ausfl\u00fcge bereits im Sp\u00e4tsommer genie\u00dfen durften, folgten am vergangenen Wochenende \u00fcber drei\u00dfig Traunviertler Vereinsmitglieder der Einladung zum gem\u00fctlichen \u201eZammkemma\u201c ins Cafe Pauli. Bei sch\u00f6nem Herbstwetter wanderte man rund um den nahegelegen B\u00e4rnsee, bevor [&hellip;]<\/p>\n","protected":false},"author":2,"featured_media":23140,"comment_status":"closed","ping_status":"closed","sticky":false,"template":"","format":"standard","meta":{"_et_pb_use_builder":"","_et_pb_old_content":"","_et_gb_content_width":"","footnotes":""},"categories":[29],"tags":[],"class_list":["post-23139","post","type-post","status-publish","format-standard","has-post-thumbnail","hentry","category-vereinsleben","et-has-post-format-content","et_post_format-et-post-format-standard"],"_links":{"self":[{"href":"https:\/\/www.traunreuter-stadtblatt.de\/index.php?rest_route=\/wp\/v2\/posts\/23139","targetHints":{"allow":["GET"]}}],"collection":[{"href":"https:\/\/www.traunreuter-stadtblatt.de\/index.php?rest_route=\/wp\/v2\/posts"}],"about":[{"href":"https:\/\/www.traunreuter-stadtblatt.de\/index.php?rest_route=\/wp\/v2\/types\/post"}],"author":[{"embeddable":true,"href":"https:\/\/www.traunreuter-stadtblatt.de\/index.php?rest_route=\/wp\/v2\/users\/2"}],"replies":[{"embeddable":true,"href":"https:\/\/www.traunreuter-stadtblatt.de\/index.php?rest_route=%2Fwp%2Fv2%2Fcomments&post=23139"}],"version-history":[{"count":1,"href":"https:\/\/www.traunreuter-stadtblatt.de\/index.php?rest_route=\/wp\/v2\/posts\/23139\/revisions"}],"predecessor-version":[{"id":23141,"href":"https:\/\/www.traunreuter-stadtblatt.de\/index.php?rest_route=\/wp\/v2\/posts\/23139\/revisions\/23141"}],"wp:featuredmedia":[{"embeddable":true,"href":"https:\/\/www.traunreuter-stadtblatt.de\/index.php?rest_route=\/wp\/v2\/media\/23140"}],"wp:attachment":[{"href":"https:\/\/www.traunreuter-stadtblatt.de\/index.php?rest_route=%2Fwp%2Fv2%2Fmedia&parent=23139"}],"wp:term":[{"taxonomy":"category","embeddable":true,"href":"https:\/\/www.traunreuter-stadtblatt.de\/index.php?rest_route=%2Fwp%2Fv2%2Fcategories&post=23139"},{"taxonomy":"post_tag","embeddable":true,"href":"https:\/\/www.traunreuter-stadtblatt.de\/index.php?rest_route=%2Fwp%2Fv2%2Ftags&post=23139"}],"curies":[{"name":"wp","href":"https:\/\/api.w.org\/{rel}","templated":true}]}}