{"id":20916,"date":"2023-05-29T15:08:45","date_gmt":"2023-05-29T13:08:45","guid":{"rendered":"https:\/\/www.traunreuter-stadtblatt.de\/?p=20916"},"modified":"2023-05-29T15:08:45","modified_gmt":"2023-05-29T13:08:45","slug":"gelungene-fahrradsegnung-2023","status":"publish","type":"post","link":"https:\/\/www.traunreuter-stadtblatt.de\/?p=20916","title":{"rendered":"Gelungene Fahrradsegnung 2023"},"content":{"rendered":"<p><strong>Am Sonntag den 07.05.2023 konnte nach der \u201eCorona-Zwangspause\u201c endlich wieder die beliebte Fahrradsegnung gefeiert werden. Dank des herrlichen sommerlichen Wetters fanden sich zahlreiche Teilnehmer an der \u201eKorbinianslinde\u201c hinter dem Pfarrhof St. Georg ein. Eine vom RSV gef\u00fchrte Gruppe startete mit dem Radl vom Rathausplatz in Traunreut und wurde mit Applaus in St. Georgen empfangen.\u00a0\u00a0\u00a0\u00a0\u00a0\u00a0\u00a0\u00a0\u00a0<\/strong><\/p>\n<p>Der RSV Traunreut m\u00f6chte sich bei allen Radler:innen f\u00fcr das gro\u00dfe Interesse an der Veranstaltung und die sehr positiven R\u00fcckmeldungen dazu bedanken. Ganz besonders bei Pfarrer Stefan Hradezky, Pastoralreferentin Dr. Melanie L\u00fcking und dem Traunwalchner Kirchenchor unter der Leitung von Manfred Hausotter, die eine sehr sch\u00f6ne Feier gestaltet haben!<\/p>\n<p>Melanie L\u00fcking verglich in ihrer Predigt die Tugenden Toleranz, Zusammenhalt, R\u00fccksichtnahme und Unterst\u00fctzung wie sie im Radsportverein gepflegt werden, mit einem G\u00e4nseschwarm auf seiner 1000 km Reise.<\/p>\n<p>Nach der Andacht trafen sich alle im Pfarrheim und auf dem Kirchplatz zu Kaffee und Kuchen. Das leckere und vielf\u00e4ltige Kuchenbuffet fand \u201erei\u00dfenden Absatz\u201c. Der Erl\u00f6s in H\u00f6he von ca. 300 EUR kommt einer gemeinn\u00fctzigen Einrichtung in Form einer Spende zugute.<\/p>\n<p>Weitere Infos findest Du auf unserer Homepage: <a href=\"http:\/\/www.rsv-traunreut.de\">www.rsv-traunreut.de<\/a><\/p>\n","protected":false},"excerpt":{"rendered":"<p>Am Sonntag den 07.05.2023 konnte nach der \u201eCorona-Zwangspause\u201c endlich wieder die beliebte Fahrradsegnung gefeiert werden. Dank des herrlichen sommerlichen Wetters fanden sich zahlreiche Teilnehmer an der \u201eKorbinianslinde\u201c hinter dem Pfarrhof St. Georg ein. Eine vom RSV gef\u00fchrte Gruppe startete mit dem Radl vom Rathausplatz in Traunreut und wurde mit Applaus in St. Georgen empfangen.\u00a0\u00a0\u00a0\u00a0\u00a0\u00a0\u00a0\u00a0\u00a0 Der [&hellip;]<\/p>\n","protected":false},"author":2,"featured_media":20917,"comment_status":"closed","ping_status":"closed","sticky":false,"template":"","format":"standard","meta":{"_et_pb_use_builder":"","_et_pb_old_content":"","_et_gb_content_width":"","footnotes":""},"categories":[29],"tags":[],"class_list":["post-20916","post","type-post","status-publish","format-standard","has-post-thumbnail","hentry","category-vereinsleben","et-has-post-format-content","et_post_format-et-post-format-standard"],"_links":{"self":[{"href":"https:\/\/www.traunreuter-stadtblatt.de\/index.php?rest_route=\/wp\/v2\/posts\/20916","targetHints":{"allow":["GET"]}}],"collection":[{"href":"https:\/\/www.traunreuter-stadtblatt.de\/index.php?rest_route=\/wp\/v2\/posts"}],"about":[{"href":"https:\/\/www.traunreuter-stadtblatt.de\/index.php?rest_route=\/wp\/v2\/types\/post"}],"author":[{"embeddable":true,"href":"https:\/\/www.traunreuter-stadtblatt.de\/index.php?rest_route=\/wp\/v2\/users\/2"}],"replies":[{"embeddable":true,"href":"https:\/\/www.traunreuter-stadtblatt.de\/index.php?rest_route=%2Fwp%2Fv2%2Fcomments&post=20916"}],"version-history":[{"count":1,"href":"https:\/\/www.traunreuter-stadtblatt.de\/index.php?rest_route=\/wp\/v2\/posts\/20916\/revisions"}],"predecessor-version":[{"id":20918,"href":"https:\/\/www.traunreuter-stadtblatt.de\/index.php?rest_route=\/wp\/v2\/posts\/20916\/revisions\/20918"}],"wp:featuredmedia":[{"embeddable":true,"href":"https:\/\/www.traunreuter-stadtblatt.de\/index.php?rest_route=\/wp\/v2\/media\/20917"}],"wp:attachment":[{"href":"https:\/\/www.traunreuter-stadtblatt.de\/index.php?rest_route=%2Fwp%2Fv2%2Fmedia&parent=20916"}],"wp:term":[{"taxonomy":"category","embeddable":true,"href":"https:\/\/www.traunreuter-stadtblatt.de\/index.php?rest_route=%2Fwp%2Fv2%2Fcategories&post=20916"},{"taxonomy":"post_tag","embeddable":true,"href":"https:\/\/www.traunreuter-stadtblatt.de\/index.php?rest_route=%2Fwp%2Fv2%2Ftags&post=20916"}],"curies":[{"name":"wp","href":"https:\/\/api.w.org\/{rel}","templated":true}]}}