{"id":19988,"date":"2023-03-26T22:57:41","date_gmt":"2023-03-26T20:57:41","guid":{"rendered":"https:\/\/www.traunreuter-stadtblatt.de\/?p=19988"},"modified":"2023-03-26T22:57:41","modified_gmt":"2023-03-26T20:57:41","slug":"erfolgreiche-deutsche-meisterschaft-fuer-den-1-ckks-traunreut-und-bundesligaauftakt-in-ludwigsburg","status":"publish","type":"post","link":"https:\/\/www.traunreuter-stadtblatt.de\/?p=19988","title":{"rendered":"Erfolgreiche Deutsche Meisterschaft f\u00fcr den 1. CKKS Traunreut und Bundesligaauftakt in Ludwigsburg"},"content":{"rendered":"<p><span style=\"font-size: 9.0pt; font-family: 'Verdana',sans-serif;\">Einen starken Auftritt hatte der 1. CKKS Traunreut bei der Deutschen Meisterschaft der Leistungsklasse und Para-Karate 2023 am 25.02.2023 in Ludwigsburg und sicherte sich mit 2 Gold-, 2-Silber und 2 Bronzemedaillen den zweiten Platz im Medaillenranking der Vereine. <\/span><span style=\"font-size: 9.0pt; font-family: 'Verdana',sans-serif;\">David Jobst konnte sich im Kumite -84 kg mit einer souver\u00e4nen Leistung in den Vorrunden durchsetzen und ins Finale einziehen. Nur gegen den amtierenden Deutschen Meister Janne Haubold von FK Northeim musste er sich mit einem umk\u00e4mpften 0:2 geschlagen geben und holte sich den Vizemeistertitel. Als Bonus ist er nominiert f\u00fcr den DKV \u201eSupercup\u201c, ein neuer hochwertiger kompetitiver Wettbewerb in Kumite und Kata, der im Rahmen des Multisportevents \u201eDie Finals 2023 Rhein-Ruhr\u201c am 06.07.2023 in D\u00fcsseldorf ausgetragen wird. Das bedeutet, im Kumite wird in einer \u201eOpen Kategorie\u201c die Beste bzw. der Beste der Deutschen Meister und Vizemeister aller 10 Gewichtsklassen ermittelt.<\/span><\/p>\n<p><span style=\"font-size: 9.0pt; font-family: 'Verdana',sans-serif;\">Die Bronzemedaille in der Gewichtsklasse +84 kg holte sich sein Teamkollege Wladimir Terengin im stark besetzten Teilnehmerfeld. Im Viertelfinale unterlag er noch dem sp\u00e4teren Titelgewinner Konstantinos Papastergios von MTV Ludwigsburg. Doch in den darauffolgenden Begegnungen konnte er zu seinen Gunsten punkten. Leider medaillenlos blieben Pascal Schalch Gewichtsklasse +84 kg, der in der 2. Runde 0:1 gegen Jochen Kr\u00e4mer Bushido KC Bonn ausschied sowie Veronika Hajduchova Gewichtsklasse-61 kg und Jacqueline Schweichart Gewichtsklasse -55 kg, die in der Vorrunde an ihren Gegnerinnen scheiterten. Ihr Deb\u00fct in der Leistungsklasse auf der Deutschen Meisterschaft hatten Lana Hrovic Gewichtsklasse -68 kg und Isabel Gisser Gewichtsklasse-50 kg, die trotz starker Leistungen mit dem auf hohem Niveau agierenden Kontrahentinnen nicht mehr um Medaillenpl\u00e4tze mitk\u00e4mpfen konnten. Trainer Patrick Schalch war sehr zufrieden mit den gezeigten Leistungen seines Teams.<\/span><\/p>\n<p><span style=\"font-size: 9.0pt; font-family: 'Verdana',sans-serif;\">Im Para-Karate zeigten die Karateka unter ihren Trainer Richard Schalch gro\u00dfartige Leistungen. In der Kategorie Kata Cerebralparese Rollstuhlfahrer weiblich sicherte sich Dolores Armstorfer Gold. \u00dcber den\u00a0Vizemeistertitel in Kata Cerebralparese stehende Klasse m\u00e4nnlich freute sich Bernhard Gr\u00f6bner. In der Kategorie Kata Geistige Behinderung weiblich holte sich Andreea Nowak wieder den Deutschen Meistertitel und setzte sich durch gegen die letztj\u00e4hrige Meisterin Nina Fell vom Vfl Traben-Trarbach und verwies diese auf Rang 2. Seit 2008 bis 2020 war Nowak durchg\u00e4ngig Deutsche Meisterin und freute sich sehr \u00fcber ihren jetzigen Sieg. Die Bronzemedaille erk\u00e4mpfte sich ihre Teamkollegin Kristin Marx. Beeindruckende Leistungen zeigten Philip Weissenbacher und Matthias Martens in der Kategorie Geistige Behinderung m\u00e4nnlich und landeten auf dem 5. Platz. Ulrich Haindl erreichte den 10. Rang.<\/span><\/p>\n<p><span style=\"font-size: 9.0pt; font-family: 'Verdana',sans-serif;\">Am darauffolgenden Sonntag starteten elf Damen- und neun Herren-Teams in die neue Bundesliga-Saison. Hierbei handelt es sich um einen Mannschafts-Wettbewerb f\u00fcr die Leistungsklasse im Liga-System. Gek\u00e4mpft wird im &#8222;Round-Robin&#8220;-Modus in Hin- und R\u00fcckrunde. Danach folgen die Playoffs mit den jeweils vier besten Mannschaften. Jeder Kampf wird ausgetragen. Die Kampfzeit betr\u00e4gt drei Minuten. Pro Sieg gibt es drei Punkte. Ein Remis wird mit einem Punkt belohnt, eine Niederlage ergibt null Punkte.<br \/>\nLana Hrovic wurde f\u00fcr das Adidas Team Bayern weiblich nominiert. Weitere Athletinnen aus bayerischen Vereinen sind Meryl Blank, Natalie Hans, Lale Knupfer, Meryem Yildirim um Trainer Gerhard Weitmann. Drei von 6 Match-Runden konnte die Bayernauswahl f\u00fcr sich entscheiden und steht in der Tabelle nach dem Auftakt an 6. Stelle. F\u00fcr das m\u00e4nnliche Adidas Team Bayern starten vom 1. CKKS Pascal Schalch, Wladimir Terengin und David Jobst sowie aus weiteren Vereinen Alessandro Engelhardt, Lirant Suka, Lukas Weitmann und Alexander Smovkin. Trainer sind Patrick Schalch, Rolf Engelhardt und Gerhard Weitmann. Nach drei gewonnenen Match-Runden steht das Herren-Team im Ranking auf Platz 5. Die n\u00e4chste M\u00f6glichkeit, Punkte und Pl\u00e4tze gut zu machen, besteht am 18. Juni in Erfurt.<\/span><\/p>\n<p><span style=\"font-size: 9.0pt; font-family: 'Verdana',sans-serif;\">Tabelle nach dem Bundesligaauftakt:<\/span><\/p>\n<p><span style=\"font-size: 9.0pt; font-family: 'Verdana',sans-serif;\">Damen:<\/span><\/p>\n<p><span style=\"font-size: 9.0pt; font-family: 'Verdana',sans-serif;\">1. USC Duisburg 42 Punkte (62:10 Match-Punkte)<\/span><\/p>\n<p><span style=\"font-size: 9.0pt; font-family: 'Verdana',sans-serif;\">2. SC Banzai Berlin 36 Punkte (52:18 Match-Punkte)<\/span><\/p>\n<p><span style=\"font-size: 9.0pt; font-family: 'Verdana',sans-serif;\">3. Bushido Waltershausen 25 Punkte (39:13 Match-Punkte)<\/span><\/p>\n<p><span style=\"font-size: 9.0pt; font-family: 'Verdana',sans-serif;\">4. Team Th\u00fcringen 25 Punkte (36:27 Match-Punkte)<\/span><\/p>\n<p><span style=\"font-size: 9.0pt; font-family: 'Verdana',sans-serif;\">5. Chikai Wettringen 24 Punkte (45:44 Match-Punkte)<\/span><\/p>\n<p><span style=\"font-size: 9.0pt; font-family: 'Verdana',sans-serif;\">6. Adidas Team Bayern 24\u00a0 Punkte (37:37 Match-Punkte)<\/span><\/p>\n<p><span style=\"font-size: 9.0pt; font-family: 'Verdana',sans-serif;\">7. LV Hessen Dietzenbach \/ Limburg 18\u00a0 Punkte (43:52 Match-Punkte)<\/span><\/p>\n<p><span style=\"font-size: 9.0pt; font-family: 'Verdana',sans-serif;\">8. Rhein-Neckar Knights 15 Punkte (29:32 Match-Punkte)<\/span><\/p>\n<p><span style=\"font-size: 9.0pt; font-family: 'Verdana',sans-serif;\">9. Team Liltec \/ KSC Puderbach 15 Punkte (43:66 Match-Punkte)<\/span><\/p>\n<p><span style=\"font-size: 9.0pt; font-family: 'Verdana',sans-serif;\">10. Nippon Bremerhaven 15 Punkte (20:51 Match-Punkte)<\/span><\/p>\n<p><span style=\"font-size: 9.0pt; font-family: 'Verdana',sans-serif;\">11. VIKINGS Wacken 3 Punkte (12:68 Match-Punkte)<\/span><\/p>\n<p><span style=\"font-size: 9.0pt; font-family: 'Verdana',sans-serif;\">\u00a0<\/span><\/p>\n<p><span style=\"font-size: 9.0pt; font-family: 'Verdana',sans-serif;\">Herren:<\/span><\/p>\n<p><span style=\"font-size: 9.0pt; font-family: 'Verdana',sans-serif;\">1. Hayashi Ludwigsburg &#8222;Red&#8220; 48 Punkte (80:27 Match-Punkte)<\/span><\/p>\n<p><span style=\"font-size: 9.0pt; font-family: 'Verdana',sans-serif;\">2. VIKINGS Wacken 39 Punkte (70:31 Match-Punkte)<\/span><\/p>\n<p><span style=\"font-size: 9.0pt; font-family: 'Verdana',sans-serif;\">3. Team Liltec \/ TFC Westerwald 37 Punkte (60:33 Match-Punkte)<\/span><\/p>\n<p><span style=\"font-size: 9.0pt; font-family: 'Verdana',sans-serif;\">4. Hayashi Ludwigsburg &#8222;Blue&#8220; 36 Punkte (76:44 Match-Punkte)<\/span><\/p>\n<p><span style=\"font-size: 9.0pt; font-family: 'Verdana',sans-serif;\">5. Adidas Team Bayern 33 Punkte (60:58 Match-Punkte)<\/span><\/p>\n<p><span style=\"font-size: 9.0pt; font-family: 'Verdana',sans-serif;\">6. SC Banzai Berlin 28 Punkte (44:64 Match-Punkte)<\/span><\/p>\n<p><span style=\"font-size: 9.0pt; font-family: 'Verdana',sans-serif;\">7. LV Hessen Kassel \/ Dietzenbach 27 Punkte (59:60 Match-Punkte)<\/span><\/p>\n<p><span style=\"font-size: 9.0pt; font-family: 'Verdana',sans-serif;\">8. Harz Goslar Fighters 12 Punkte (42:105 Match-Punkte)<\/span><\/p>\n<p><span style=\"font-size: 9.0pt; font-family: 'Verdana',sans-serif;\">9. Bavarian Lions 9 Punkte (25:99 Match-Punkte)<\/span><\/p>\n","protected":false},"excerpt":{"rendered":"<p>Einen starken Auftritt hatte der 1. CKKS Traunreut bei der Deutschen Meisterschaft der Leistungsklasse und Para-Karate 2023 am 25.02.2023 in Ludwigsburg und sicherte sich mit 2 Gold-, 2-Silber und 2 Bronzemedaillen den zweiten Platz im Medaillenranking der Vereine. David Jobst konnte sich im Kumite -84 kg mit einer souver\u00e4nen Leistung in den Vorrunden durchsetzen und [&hellip;]<\/p>\n","protected":false},"author":2,"featured_media":19989,"comment_status":"closed","ping_status":"closed","sticky":false,"template":"","format":"standard","meta":{"_et_pb_use_builder":"","_et_pb_old_content":"","_et_gb_content_width":"","footnotes":""},"categories":[29],"tags":[],"class_list":["post-19988","post","type-post","status-publish","format-standard","has-post-thumbnail","hentry","category-vereinsleben","et-has-post-format-content","et_post_format-et-post-format-standard"],"_links":{"self":[{"href":"https:\/\/www.traunreuter-stadtblatt.de\/index.php?rest_route=\/wp\/v2\/posts\/19988","targetHints":{"allow":["GET"]}}],"collection":[{"href":"https:\/\/www.traunreuter-stadtblatt.de\/index.php?rest_route=\/wp\/v2\/posts"}],"about":[{"href":"https:\/\/www.traunreuter-stadtblatt.de\/index.php?rest_route=\/wp\/v2\/types\/post"}],"author":[{"embeddable":true,"href":"https:\/\/www.traunreuter-stadtblatt.de\/index.php?rest_route=\/wp\/v2\/users\/2"}],"replies":[{"embeddable":true,"href":"https:\/\/www.traunreuter-stadtblatt.de\/index.php?rest_route=%2Fwp%2Fv2%2Fcomments&post=19988"}],"version-history":[{"count":1,"href":"https:\/\/www.traunreuter-stadtblatt.de\/index.php?rest_route=\/wp\/v2\/posts\/19988\/revisions"}],"predecessor-version":[{"id":19990,"href":"https:\/\/www.traunreuter-stadtblatt.de\/index.php?rest_route=\/wp\/v2\/posts\/19988\/revisions\/19990"}],"wp:featuredmedia":[{"embeddable":true,"href":"https:\/\/www.traunreuter-stadtblatt.de\/index.php?rest_route=\/wp\/v2\/media\/19989"}],"wp:attachment":[{"href":"https:\/\/www.traunreuter-stadtblatt.de\/index.php?rest_route=%2Fwp%2Fv2%2Fmedia&parent=19988"}],"wp:term":[{"taxonomy":"category","embeddable":true,"href":"https:\/\/www.traunreuter-stadtblatt.de\/index.php?rest_route=%2Fwp%2Fv2%2Fcategories&post=19988"},{"taxonomy":"post_tag","embeddable":true,"href":"https:\/\/www.traunreuter-stadtblatt.de\/index.php?rest_route=%2Fwp%2Fv2%2Ftags&post=19988"}],"curies":[{"name":"wp","href":"https:\/\/api.w.org\/{rel}","templated":true}]}}