{"id":19985,"date":"2023-03-26T22:53:44","date_gmt":"2023-03-26T20:53:44","guid":{"rendered":"https:\/\/www.traunreuter-stadtblatt.de\/?p=19985"},"modified":"2023-03-26T22:53:44","modified_gmt":"2023-03-26T20:53:44","slug":"trachtenverein-traunwalchen-zieht-bilanz-und-waehlt-neue-vorstandschaft","status":"publish","type":"post","link":"https:\/\/www.traunreuter-stadtblatt.de\/?p=19985","title":{"rendered":"Trachtenverein Traunwalchen zieht Bilanz  und w\u00e4hlt neue Vorstandschaft"},"content":{"rendered":"<p><strong>Die traditionelle Mitgliederversammlung des GTEV D\u00b4Traunviertler Traunwalchen konnte endlich wieder zur gewohnten Zeit im Fr\u00fchjahr stattfinden. W\u00e4hrend viele Vereine ihren Mitgliederstand nur schwer aufrechterhalten k\u00f6nnen, gibt es beim Trachtenverein Traunwalchen um die 30 neue Mitglieder seit der letztj\u00e4hrigen Versammlung.<\/strong><\/p>\n<p>In den Berichten des Jugendleiters und Vorplattlers Florian Lieb wurde deutlich, dass umso mehr daf\u00fcr getan wurde, die Motivation der jungen Trachtler beizubehalten. Die zahlreichen Probenhelfer, die fast alle aus den Reihen der Aktiven Gruppe stammen, hatten somit viel zu tun. H\u00f6hepunkt im vergangenen Jahr war der Festsonntag am 8. Mai 2022, der anstatt des coronabedingt abgesagten Trachtenfestes zum 50j\u00e4hrigen Vereinsjubil\u00e4um, dann doch noch geb\u00fchrend nachgeholt werden konnte. Der extra daf\u00fcr einstudierte Festtanz der Aktiven Gruppe begeisterte die vielen Besucher. Eine Woche zuvor brachten die Traunviertler den gestohlenen Maibaum zum Nachbarverein der Pallinger Trachtler zur\u00fcck und stellten diesen bei leichtem Nieselregen gemeinsam auf. Gro\u00dfe Beteiligung zeigten die Traunwalchner beim Gaufest in Bad Endorf und dem erstmals durchgef\u00fchrten Gl\u00fchwagerl, bei dem an zwei Adventswochenenden an verschiedenen Standorten Gl\u00fchwein und Bosna angeboten wurden. Auch beim Dorfadvent am Dorfladen in Traunwalchen konnten die Trachtler ihre Unterst\u00fctzung einbringen, besonders der intern gek\u00fcrte \u201eTraunviertler Grillweltmeister\u201c Martin Hundsberger.<\/p>\n<p>Gleich zu Beginn des neuen Jahres fanden der Fr\u00fchschoppen-Hoagart und der Faschingsball zu alten Formen zur\u00fcck und waren so gut besucht, wie noch nie. Weiter geht\u2019s im Programm mit der Unterst\u00fctzung beim Aufstellen eines Maibaums am 21.Mai 2023 am Markplatz in Traunreut, zudem zweiter B\u00fcrgermeister Reinhold Schroll herzlich einlud. Schroll hob in seinen Gru\u00dfworten auch hervor, \u201eder Trachtenverein Traunwalchen ist ein gro\u00dfes Aush\u00e4ngeschild f\u00fcr die Stadt Traunreut\u201c und w\u00fcnschte sich, dass die Vereinsheimplanungen im Anbau des Traunwalchner Schulgeb\u00e4udes nun bald zum Abschluss kommen.<br \/>\nDie Wahlleitung der Neuwahlen des Vereinsausschusses \u00fcbernahm ebenfalls zweiter B\u00fcrgermeister Reinhold Schroll mit Unterst\u00fctzung von den Stadtr\u00e4ten Markus Schupfner und Bernhard Seitlinger. Die drei Vorst\u00e4nde Florian Walter, Max Helminger und Martin Hundsberger stellten sich wieder zur Wahl. Neu besetzt wurden die Posten der Schriftf\u00fchrerinnen mit Jessica Ungeth\u00fcm und Franziska Arnold. Die \u00d6ffentlichkeitsarbeit wird weiter von Barbara Baumgartner betreut.<\/p>\n<p>Elisabeth Helminger stellte sich nach 34 Jahren stellvertretenden und ersten Kassierin nicht mehr zur Wahl. Nach insgesamt 38 Jahren Vorstandschaft, als zweite Vort\u00e4nzerin und Schatzmeisterin wurde sie mit einer Fotopr\u00e4sentation ihres Trachtler-Werdegangs und der Ernennung zum Ehrenmitglied geb\u00fchrend verabschiedet.<br \/>\nZum neuen ersten Kassier wurde Stefan Huber gew\u00e4hlt, der bisher als Beisitzer und Mitgliederverwalter fungierte. Sein Stellvertreter bleibt Manuel Stadler sowie Markus Lieb als Volksmusikwart. Die beiden R\u00f6ckifrauenvertreterinnen Anita Scheck und Manuela Kimmeringer bleiben ebenfalls in ihren \u00c4mtern. Die Jugendleiter Florian Lieb und Monika Leisl bekommen nun offizielle Unterst\u00fctzung von Tanja Hundsberger, die bereits seit Jahren im Hintergrund mitgewirkt hat. Die Gruppe der sechs Beisitzer stellt sich aus Barbara Baumgartner, Sebastian Kiefersbeck, Sabine Ertl, Barbara Obermeier, Hannah Schroll und Regina M\u00fchlbauer zusammen. Ausgeschieden aus dem Vereinsausschuss sind neben Kassierin Elisabeth Helminger auch ehemaliger Vorstand Roland Huber, der seit 31 Jahren im Vereinsausschuss als Vorplattler, 2.Kassier, 2.Vorstand, Vorstand und zuletzt als Beisitzer t\u00e4tig war. Au\u00dferdem stellten sich Markus Baumgartner nicht mehr als zweiter Schriftf\u00fchrer und Florian Kleinschw\u00e4rzer nicht mehr als zweiter Vorplattler zur Verf\u00fcgung. Erster Vorplattler bei der Aktivengruppe bleibt Florian Lieb sowie zweite Vort\u00e4nzerin Franziska Arnold. Neu hinzu kommt Eva Kleinschw\u00e4rzer als erste Vort\u00e4nzerin, die neben Probenbegleitung auch bei Vereinsveranstaltungen organisatorische Aufgaben \u00fcbernehmen wird.<\/p>\n<p>Zum Abschluss des Abends sagten die beiden stellvertretenden Vorst\u00e4nde Max Helminger und Martin Hundsberger im Namen des Vereins ein \u201esakrisches vergelts Gott\u201c beim ersten Vorstand Florian f\u00fcr sein unerm\u00fcdliches Engagement.<br \/>\n<em>Text: Barbara Baumgartner, Foto: H. Baumgartner<\/em><\/p>\n<p><em>vorne von links: Manuel Stadler 2. Kassier, Max Helminger 2.Vorstand, Jessica Ungeth\u00fcm 1. Schriftf\u00fchrerin, Florian Walter 1. Vorstand, <\/em><br \/>\n<em>Franziska Arnold 2. Schriftf\u00fchrerin und 2. Vort\u00e4nzerin, Martin Hundsberger 3. Vorstand, Stefan Huber 1. Kassier; hinten von links: Sabine Ertl Beisitzerin, Regina M\u00fchlbauer Beisitzerin, Sebastian Kiefersbeck Beisitzer-F\u00e4hnrich, Manuela Kimmeringer 2. R\u00f6ckifrauenvertreterin, <\/em><br \/>\n<em>Monika Leisl 2. Jugenleiterin, Tanja Hundsberger-H\u00fcttner 3. Jugendleiterin, Florian Lieb 1. Jugendleiter u. 1.Vorplattler, <\/em><br \/>\n<em>Hannah Schroll Beisitzerin, Eva Kleinschw\u00e4rzer Vort\u00e4nzerin, Markus Lieb Volksmusikwart, Barbara Obermeier Beisitzerin, <\/em><br \/>\n<em>Barbara Baumgartner Beisitzerin-\u00d6ffentlichkeitsarbeit, (Anita Scheck 1.R\u00f6ckifrauenvertreterin nicht auf Foto)<\/em><\/p>\n","protected":false},"excerpt":{"rendered":"<p>Die traditionelle Mitgliederversammlung des GTEV D\u00b4Traunviertler Traunwalchen konnte endlich wieder zur gewohnten Zeit im Fr\u00fchjahr stattfinden. W\u00e4hrend viele Vereine ihren Mitgliederstand nur schwer aufrechterhalten k\u00f6nnen, gibt es beim Trachtenverein Traunwalchen um die 30 neue Mitglieder seit der letztj\u00e4hrigen Versammlung. In den Berichten des Jugendleiters und Vorplattlers Florian Lieb wurde deutlich, dass umso mehr daf\u00fcr getan [&hellip;]<\/p>\n","protected":false},"author":2,"featured_media":19986,"comment_status":"closed","ping_status":"closed","sticky":false,"template":"","format":"standard","meta":{"_et_pb_use_builder":"","_et_pb_old_content":"","_et_gb_content_width":"","footnotes":""},"categories":[29],"tags":[],"class_list":["post-19985","post","type-post","status-publish","format-standard","has-post-thumbnail","hentry","category-vereinsleben","et-has-post-format-content","et_post_format-et-post-format-standard"],"_links":{"self":[{"href":"https:\/\/www.traunreuter-stadtblatt.de\/index.php?rest_route=\/wp\/v2\/posts\/19985","targetHints":{"allow":["GET"]}}],"collection":[{"href":"https:\/\/www.traunreuter-stadtblatt.de\/index.php?rest_route=\/wp\/v2\/posts"}],"about":[{"href":"https:\/\/www.traunreuter-stadtblatt.de\/index.php?rest_route=\/wp\/v2\/types\/post"}],"author":[{"embeddable":true,"href":"https:\/\/www.traunreuter-stadtblatt.de\/index.php?rest_route=\/wp\/v2\/users\/2"}],"replies":[{"embeddable":true,"href":"https:\/\/www.traunreuter-stadtblatt.de\/index.php?rest_route=%2Fwp%2Fv2%2Fcomments&post=19985"}],"version-history":[{"count":1,"href":"https:\/\/www.traunreuter-stadtblatt.de\/index.php?rest_route=\/wp\/v2\/posts\/19985\/revisions"}],"predecessor-version":[{"id":19987,"href":"https:\/\/www.traunreuter-stadtblatt.de\/index.php?rest_route=\/wp\/v2\/posts\/19985\/revisions\/19987"}],"wp:featuredmedia":[{"embeddable":true,"href":"https:\/\/www.traunreuter-stadtblatt.de\/index.php?rest_route=\/wp\/v2\/media\/19986"}],"wp:attachment":[{"href":"https:\/\/www.traunreuter-stadtblatt.de\/index.php?rest_route=%2Fwp%2Fv2%2Fmedia&parent=19985"}],"wp:term":[{"taxonomy":"category","embeddable":true,"href":"https:\/\/www.traunreuter-stadtblatt.de\/index.php?rest_route=%2Fwp%2Fv2%2Fcategories&post=19985"},{"taxonomy":"post_tag","embeddable":true,"href":"https:\/\/www.traunreuter-stadtblatt.de\/index.php?rest_route=%2Fwp%2Fv2%2Ftags&post=19985"}],"curies":[{"name":"wp","href":"https:\/\/api.w.org\/{rel}","templated":true}]}}