{"id":19820,"date":"2023-03-02T16:50:28","date_gmt":"2023-03-02T15:50:28","guid":{"rendered":"https:\/\/www.traunreuter-stadtblatt.de\/?p=19820"},"modified":"2023-03-02T17:01:41","modified_gmt":"2023-03-02T16:01:41","slug":"netzwerkstatt-neuer-treffpunkt-in-traunreut","status":"publish","type":"post","link":"https:\/\/www.traunreuter-stadtblatt.de\/?p=19820","title":{"rendered":"Netzwerkstatt: Neuer Treffpunkt in Traunreut"},"content":{"rendered":"<p><strong>Mit der IG Metall Netzwerkstatt in Traunreut entsteht ab dem 01.03.2023 ein Treffpunkt f\u00fcr alle aktiven Metaller und Metallerinnen, Mitgliedern und Neugierige aus der Region &#8211; direkt vor Ort.<\/strong><\/p>\n<p>Wir sind Netzwerk, Kultur, Spa\u00df-Haber und Watzmann-Bezwinger. Gewerkschaft ist mehr als nur Betriebspolitik. Das haben wir zum Anlass genommen um wieder zur\u00fcck ins industrielle Herz der Region zu kommen! Die IG Metall Netzwerkstatt bietet zuk\u00fcnftig allen Interessierten den passenden Raum zur Gestaltung des gewerkschaftlichen Lebens in der Region. Neben der klassischen Mitgliederberatung finden in der Netzwerkstatt jede Menge andere Veranstaltungen und Aktivit\u00e4ten statt. Von Netzwerktreffen unserer Betriebsr\u00e4te \u00fcber Sitzungen der Aktiven Metallerinnen und Metaller bieten wir au\u00dferdem Inforunden f\u00fcr interessierte Besch\u00e4ftigte sowie Film- und Diskussionsabende zum politischen Meinungsaustausch und vieles mehr.<\/p>\n<p>Das aktuelle Angebot findest du hier oder auf unseren Social Media Kan\u00e4len.<\/p>\n<p><a title=\"Veranstaltungskalender Netzwerkstatt\" href=\"https:\/\/netzwerkstatt.igmetall.events\/\">https:\/\/netzwerkstatt.igmetall.events\/<\/a><\/p>\n<p>Du findest die Netzwerkstatt in der Kantstra\u00dfe 11, 83301 Traunreut.<\/p>\n<p>Wir haben dein Interesse geweckt? Dann schau vorbei. Wir freuen uns auf deinen Besuch.<\/p>\n","protected":false},"excerpt":{"rendered":"<p>Mit der IG Metall Netzwerkstatt in Traunreut entsteht ab dem 01.03.2023 ein Treffpunkt f\u00fcr alle aktiven Metaller und Metallerinnen, Mitgliedern und Neugierige aus der Region &#8211; direkt vor Ort. Wir sind Netzwerk, Kultur, Spa\u00df-Haber und Watzmann-Bezwinger. Gewerkschaft ist mehr als nur Betriebspolitik. Das haben wir zum Anlass genommen um wieder zur\u00fcck ins industrielle Herz der [&hellip;]<\/p>\n","protected":false},"author":2,"featured_media":19821,"comment_status":"closed","ping_status":"closed","sticky":false,"template":"","format":"standard","meta":{"_et_pb_use_builder":"","_et_pb_old_content":"","_et_gb_content_width":"","footnotes":""},"categories":[28],"tags":[],"class_list":["post-19820","post","type-post","status-publish","format-standard","has-post-thumbnail","hentry","category-stadtleben","et-has-post-format-content","et_post_format-et-post-format-standard"],"_links":{"self":[{"href":"https:\/\/www.traunreuter-stadtblatt.de\/index.php?rest_route=\/wp\/v2\/posts\/19820","targetHints":{"allow":["GET"]}}],"collection":[{"href":"https:\/\/www.traunreuter-stadtblatt.de\/index.php?rest_route=\/wp\/v2\/posts"}],"about":[{"href":"https:\/\/www.traunreuter-stadtblatt.de\/index.php?rest_route=\/wp\/v2\/types\/post"}],"author":[{"embeddable":true,"href":"https:\/\/www.traunreuter-stadtblatt.de\/index.php?rest_route=\/wp\/v2\/users\/2"}],"replies":[{"embeddable":true,"href":"https:\/\/www.traunreuter-stadtblatt.de\/index.php?rest_route=%2Fwp%2Fv2%2Fcomments&post=19820"}],"version-history":[{"count":1,"href":"https:\/\/www.traunreuter-stadtblatt.de\/index.php?rest_route=\/wp\/v2\/posts\/19820\/revisions"}],"predecessor-version":[{"id":19822,"href":"https:\/\/www.traunreuter-stadtblatt.de\/index.php?rest_route=\/wp\/v2\/posts\/19820\/revisions\/19822"}],"wp:featuredmedia":[{"embeddable":true,"href":"https:\/\/www.traunreuter-stadtblatt.de\/index.php?rest_route=\/wp\/v2\/media\/19821"}],"wp:attachment":[{"href":"https:\/\/www.traunreuter-stadtblatt.de\/index.php?rest_route=%2Fwp%2Fv2%2Fmedia&parent=19820"}],"wp:term":[{"taxonomy":"category","embeddable":true,"href":"https:\/\/www.traunreuter-stadtblatt.de\/index.php?rest_route=%2Fwp%2Fv2%2Fcategories&post=19820"},{"taxonomy":"post_tag","embeddable":true,"href":"https:\/\/www.traunreuter-stadtblatt.de\/index.php?rest_route=%2Fwp%2Fv2%2Ftags&post=19820"}],"curies":[{"name":"wp","href":"https:\/\/api.w.org\/{rel}","templated":true}]}}