{"id":19768,"date":"2023-02-24T14:15:30","date_gmt":"2023-02-24T13:15:30","guid":{"rendered":"https:\/\/www.traunreuter-stadtblatt.de\/?p=19768"},"modified":"2023-02-24T14:15:30","modified_gmt":"2023-02-24T13:15:30","slug":"blsv-wuerdigt-ehrenamtliche-mit-dem-ehrenamtspreis-engagiert-2022","status":"publish","type":"post","link":"https:\/\/www.traunreuter-stadtblatt.de\/?p=19768","title":{"rendered":"BLSV w\u00fcrdigt Ehrenamtliche mit dem Ehrenamtspreis \u201eENGAGIERT 2022\u201c"},"content":{"rendered":"<p><strong>Ehrenamtlicher Einsatz im Sport ist heute wichtiger denn je! Um die ehrenamtlichen St\u00fctzen und Pfeiler an der Basis des Breiten- und Wettkampfsportes zu w\u00fcrdigen, lud BLSV-Kreisvorsitzende Claudia Daxenberger zur Verleihung des BLSV-Ehrenamtspreises \u201eENGAGIERT 2022\u201c am 03.12.2022 nach Hammer ein. Unter den Preistr\u00e4gern waren auch einige Mitglieder des TuS Traunreut.<\/strong><\/p>\n<p>Bernhard Springer wurde in der Kategorie \u201eStille Stars\u201c ausgezeichnet! So ist er immer zur Stelle, wenn in der Handballabteilung Aufgaben anfallen, sei es in der Vor- und Nachbereitung bei Heimspieltagen oder w\u00e4hrend Veranstaltungen als \u201eAnpacker\u201c im Hintergrund! Auch der Hauptverein profitiert von seiner Einsatzbereitschaft, wenn es um die Pflege der Vereinsliegenschaften wie zum Beispiel die Hecken geht.<\/p>\n<p>Bernd R\u00f6der aus der Judo-Abteilung erhielt die W\u00fcrdigung \u201eENGAGIERT 2022\u201c nicht nur f\u00fcr seine langj\u00e4hrige T\u00e4tigkeit in der Abteilungsleitung, sondern auch f\u00fcr seinen Einsatz als Trainer und hier vor allem f\u00fcr die F\u00f6rderung der Kinder und Jugendlichen im Judo-Sport. Zudem ist Bernd als Funktion\u00e4r im Bayerischen Judoverband nicht ohne Einfluss: Als Inhaber der DJB-A-Kampfrichterlizenz verbringt er bei Wettk\u00e4mpfen mit wachsamen und kritischen Augen viel Zeit an der Matte. Als stellvertretender Kampfrichterreferent f\u00fcr Bayern bildet er Kampfrichter aus und nimmt als Kyu-Pr\u00fcfer G\u00fcrtelpr\u00fcfungen ab.<\/p>\n<p>Die Turnabteilung war gleich mit drei Mitgliedern vertreten. Seit 70 Jahren Vereinsmitglied sorgte Gerhild Fritsch lange Zeit als \u00dcbungsleiterin in Wettkampf- und allgemeinen Gymnastikgruppen f\u00fcr Bewegung unter den Vereinsmitgliedern. Im Turngau Inn Chiem Ruperti war sie zudem als Kampfrichterin im Ger\u00e4tturnen weiblich t\u00e4tig. Auch Adi Fritsch ist langj\u00e4hriger \u00dcbungsleiter f\u00fcr Ger\u00e4tturnen und allgemeine Gymnastikgruppen. Aber auch seine Verbundenheit zur Natur vermittelt er mit Planungen und Durchf\u00fchrungen von Wanderungen und Radtouren f\u00fcr alle interessierten Vereinsmitglieder. Als Gaufachwart f\u00fcr Wandern und Natursport hat er diese Aufgaben auch im Turngau Inn Chiem Ruperti seit vielen Jahren inne. Mit der Abnahme des Bayerischen und Deutschen Sportabzeichens sowohl der langj\u00e4hrigen Hallenbelegunsplanung steht sein ehrenamtlicher Einsatz auch dem Hauptverein zur Verf\u00fcgung. Gitti Strohmayer war, neben ihrer \u00dcbungsleitert\u00e4tigkeit in der Ger\u00e4tturnwettkampfgruppe des TuS Traunreut, Gaufachwartin f\u00fcr Kunst- und Ger\u00e4tturnen im Turngau Inn Chiem Ruperti. Neben der Organisation von Wettk\u00e4mpfen fielen Traineraus- und Fortbildungen sowie Kampfrichterschulungen in ihren Aufgabenbereich. Im Vorstand des TuS Traunreut k\u00fcmmert sie sich jetzt um Ehrungen und Protokolle.<\/p>\n<p>Claudia Daxenberger hatte f\u00fcr jeden der zu Ehrenden eine sehr pers\u00f6nliche Laudatio zusammengestellt, die dem Abend einen sehr stimmungsvollen Rahmen gaben. Bei einem geselligen Abendessen fand der Abend einen gelungenen Abschluss.<\/p>\n","protected":false},"excerpt":{"rendered":"<p>Ehrenamtlicher Einsatz im Sport ist heute wichtiger denn je! Um die ehrenamtlichen St\u00fctzen und Pfeiler an der Basis des Breiten- und Wettkampfsportes zu w\u00fcrdigen, lud BLSV-Kreisvorsitzende Claudia Daxenberger zur Verleihung des BLSV-Ehrenamtspreises \u201eENGAGIERT 2022\u201c am 03.12.2022 nach Hammer ein. Unter den Preistr\u00e4gern waren auch einige Mitglieder des TuS Traunreut. Bernhard Springer wurde in der Kategorie [&hellip;]<\/p>\n","protected":false},"author":2,"featured_media":19769,"comment_status":"closed","ping_status":"closed","sticky":false,"template":"","format":"standard","meta":{"_et_pb_use_builder":"","_et_pb_old_content":"","_et_gb_content_width":"","footnotes":""},"categories":[29],"tags":[],"class_list":["post-19768","post","type-post","status-publish","format-standard","has-post-thumbnail","hentry","category-vereinsleben","et-has-post-format-content","et_post_format-et-post-format-standard"],"_links":{"self":[{"href":"https:\/\/www.traunreuter-stadtblatt.de\/index.php?rest_route=\/wp\/v2\/posts\/19768","targetHints":{"allow":["GET"]}}],"collection":[{"href":"https:\/\/www.traunreuter-stadtblatt.de\/index.php?rest_route=\/wp\/v2\/posts"}],"about":[{"href":"https:\/\/www.traunreuter-stadtblatt.de\/index.php?rest_route=\/wp\/v2\/types\/post"}],"author":[{"embeddable":true,"href":"https:\/\/www.traunreuter-stadtblatt.de\/index.php?rest_route=\/wp\/v2\/users\/2"}],"replies":[{"embeddable":true,"href":"https:\/\/www.traunreuter-stadtblatt.de\/index.php?rest_route=%2Fwp%2Fv2%2Fcomments&post=19768"}],"version-history":[{"count":1,"href":"https:\/\/www.traunreuter-stadtblatt.de\/index.php?rest_route=\/wp\/v2\/posts\/19768\/revisions"}],"predecessor-version":[{"id":19770,"href":"https:\/\/www.traunreuter-stadtblatt.de\/index.php?rest_route=\/wp\/v2\/posts\/19768\/revisions\/19770"}],"wp:featuredmedia":[{"embeddable":true,"href":"https:\/\/www.traunreuter-stadtblatt.de\/index.php?rest_route=\/wp\/v2\/media\/19769"}],"wp:attachment":[{"href":"https:\/\/www.traunreuter-stadtblatt.de\/index.php?rest_route=%2Fwp%2Fv2%2Fmedia&parent=19768"}],"wp:term":[{"taxonomy":"category","embeddable":true,"href":"https:\/\/www.traunreuter-stadtblatt.de\/index.php?rest_route=%2Fwp%2Fv2%2Fcategories&post=19768"},{"taxonomy":"post_tag","embeddable":true,"href":"https:\/\/www.traunreuter-stadtblatt.de\/index.php?rest_route=%2Fwp%2Fv2%2Ftags&post=19768"}],"curies":[{"name":"wp","href":"https:\/\/api.w.org\/{rel}","templated":true}]}}