{"id":18784,"date":"2022-07-04T13:47:24","date_gmt":"2022-07-04T11:47:24","guid":{"rendered":"https:\/\/www.traunreuter-stadtblatt.de\/?p=18784"},"modified":"2022-07-04T13:47:24","modified_gmt":"2022-07-04T11:47:24","slug":"cafe-memory-traunreut","status":"publish","type":"post","link":"https:\/\/www.traunreuter-stadtblatt.de\/?p=18784","title":{"rendered":"Caf\u00e9 Memory Traunreut"},"content":{"rendered":"<p><strong>An jedem zweiten und vierten Dienstag im Monat bietet das AWO Seniorenzentrum Traunreut in seinen R\u00e4umlichkeiten das Caf\u00e9 Memory an.<\/strong><\/p>\n<p>In einer gem\u00fctlichen Atmosph\u00e4re wird zum gemeinsamen Spiele spielen, Singen und &#8211; ja nach jahreszeitlichem Anlass &#8211; auch etwas gebastelt. eingeladen. Die Angebote werden an einen m\u00f6glichen dementiellen Gesundheitszustand angepasst. Bei Kaffee und Kuchen l\u00e4sst sich gemeinsam in fr\u00fcheren Zeiten schwelgen, bspw., wenn sich manche Caf\u00e9 G\u00e4ste nach einer langen Zeit wiedersehen. Die G\u00e4ste vom Caf\u00e9 Memory werden in der Zeit von 14:00 Uhr bis 18:00 Uhr durch einen fachlich kompetenten Sozialarbeiter der AWO betreut, der ebenso als Ansprechpartner f\u00fcr die Angeh\u00f6rigen w\u00e4hrend des Caf\u00e9 Memory zur Verf\u00fcgung steht. Die Kosten f\u00fcr einen ganzen Nachmittag liegen bei 40,00 \u20ac, f\u00fcr den halben Nachmittag bei 20,00 \u20ac. Dieser Betrag wird bei Vorhandensein eines Pflegegrades in der Regel durch die Krankenkasse \u00fcbernommen. Im Preis inbegriffen sind Getr\u00e4nke und Kuchen sowie Materialkosten. Das Caf\u00e9 Memory, welches auch in Trostberg und Obing angeboten wird, richtet sich in allererster Linie an dementiell erkrankte Menschen und soll deren Angeh\u00f6rigen eine M\u00f6glichkeit zur Entlastung von den t\u00e4glichen Betreuungsaufgaben bieten. Diesbez\u00fcglich ber\u00e4t das AWO Seniorenzentrum Traunreut die Interessenten gerne.<\/p>\n<p>Interessierte k\u00f6nnen sich im AWO Seniorenzentrum Traunreut bei Herrn Markus Singer unter<br \/>\nTel.: 08669 \/ 85 88 &#8211; 32 melden.<\/p>\n","protected":false},"excerpt":{"rendered":"<p>An jedem zweiten und vierten Dienstag im Monat bietet das AWO Seniorenzentrum Traunreut in seinen R\u00e4umlichkeiten das Caf\u00e9 Memory an. In einer gem\u00fctlichen Atmosph\u00e4re wird zum gemeinsamen Spiele spielen, Singen und &#8211; ja nach jahreszeitlichem Anlass &#8211; auch etwas gebastelt. eingeladen. Die Angebote werden an einen m\u00f6glichen dementiellen Gesundheitszustand angepasst. Bei Kaffee und Kuchen l\u00e4sst [&hellip;]<\/p>\n","protected":false},"author":2,"featured_media":18785,"comment_status":"closed","ping_status":"closed","sticky":false,"template":"","format":"standard","meta":{"_et_pb_use_builder":"","_et_pb_old_content":"","_et_gb_content_width":"","footnotes":""},"categories":[31],"tags":[],"class_list":["post-18784","post","type-post","status-publish","format-standard","has-post-thumbnail","hentry","category-kirchen-soziales","et-has-post-format-content","et_post_format-et-post-format-standard"],"_links":{"self":[{"href":"https:\/\/www.traunreuter-stadtblatt.de\/index.php?rest_route=\/wp\/v2\/posts\/18784","targetHints":{"allow":["GET"]}}],"collection":[{"href":"https:\/\/www.traunreuter-stadtblatt.de\/index.php?rest_route=\/wp\/v2\/posts"}],"about":[{"href":"https:\/\/www.traunreuter-stadtblatt.de\/index.php?rest_route=\/wp\/v2\/types\/post"}],"author":[{"embeddable":true,"href":"https:\/\/www.traunreuter-stadtblatt.de\/index.php?rest_route=\/wp\/v2\/users\/2"}],"replies":[{"embeddable":true,"href":"https:\/\/www.traunreuter-stadtblatt.de\/index.php?rest_route=%2Fwp%2Fv2%2Fcomments&post=18784"}],"version-history":[{"count":1,"href":"https:\/\/www.traunreuter-stadtblatt.de\/index.php?rest_route=\/wp\/v2\/posts\/18784\/revisions"}],"predecessor-version":[{"id":18786,"href":"https:\/\/www.traunreuter-stadtblatt.de\/index.php?rest_route=\/wp\/v2\/posts\/18784\/revisions\/18786"}],"wp:featuredmedia":[{"embeddable":true,"href":"https:\/\/www.traunreuter-stadtblatt.de\/index.php?rest_route=\/wp\/v2\/media\/18785"}],"wp:attachment":[{"href":"https:\/\/www.traunreuter-stadtblatt.de\/index.php?rest_route=%2Fwp%2Fv2%2Fmedia&parent=18784"}],"wp:term":[{"taxonomy":"category","embeddable":true,"href":"https:\/\/www.traunreuter-stadtblatt.de\/index.php?rest_route=%2Fwp%2Fv2%2Fcategories&post=18784"},{"taxonomy":"post_tag","embeddable":true,"href":"https:\/\/www.traunreuter-stadtblatt.de\/index.php?rest_route=%2Fwp%2Fv2%2Ftags&post=18784"}],"curies":[{"name":"wp","href":"https:\/\/api.w.org\/{rel}","templated":true}]}}