{"id":16535,"date":"2022-02-17T13:22:58","date_gmt":"2022-02-17T12:22:58","guid":{"rendered":"https:\/\/www.traunreuter-stadtblatt.de\/?p=16535"},"modified":"2022-03-07T16:32:30","modified_gmt":"2022-03-07T15:32:30","slug":"neue-gesichter-beim-tus-traunreut","status":"publish","type":"post","link":"https:\/\/www.traunreuter-stadtblatt.de\/?p=16535","title":{"rendered":"Neue Gesichter beim TuS Traunreut"},"content":{"rendered":"<p>Nach den Neuwahlen im September 2021 hat sich beim TuS Traunreut schon Einiges getan. Mit Renate Kunze und Dominik R\u00f6der, die schon langj\u00e4hrige Mitglieder beim Verein sind, konnten zwei neue Mitarbeiter, Sport- und Fitnesskauffrau\/mann, verpflichtet werden.<\/p>\n<p>Renate Kunze \u00fcbernimmt die Leitung der Reha Abteilung von Kurt Schmoll, der die Abteilung in den letzten Jahren auf- und ausgebaut hat. Dominik R\u00f6der wird zuk\u00fcnftig in der Gesch\u00e4ftsstelle, als auch in der Reha Abteilung eingesetzt. Ein wichtiger Schritt, um die Themen wie Digitalisierung, Mitgliederverwaltung und die Erweiterung des Sportangebots in Angriff zu nehmen.<\/p>\n<p>Zudem wurde eine neue U16 Basketballgruppe gegr\u00fcndet, die Andreas Hann leitet. Das Team besteht zurzeit aus 11 Spielern. Alle Spieler sind \u201eNeueinsteiger\u201c, die aber spielerisch schon sehr weit sind und sich prima in die Gruppe einf\u00fcgen. Um das Angebot auch f\u00fcr andere Altersgruppen anzubieten, sucht der TuS interessierte Spieler, sowie auch Trainer, um den Basketballsport, nach \u00fcber 20 Jahren Abstinenz beim TuS Traunreut, wieder zu etablieren.<\/p>\n<p>Auch die Kegler von Edelweiss und Jedinstvo konnten erneut in den Verein integriert werden und bilden nun eine weitere Abteilung, die bei der Bundeskegelbahn im Restaurant Champion das Training und die Spiele absolviert. Die Abteilungsleitung der Abt. Sportkegeln wird Anne Bardon \u00fcbernehmen.<\/p>\n<p>Auch in Sachen Liegenschaften tut sich Vieles. Au\u00dferdem wird in K\u00fcrze eine neue Schlie\u00dfanlage am TuS Gel\u00e4nde und in der Turnhalle installiert. Themen wie Sanierung und Energieeffizienz stehen auf dem Plan und werden zeitnah angegangen. Ein Jugendsporttag und ein Sommerfest f\u00fcr die TuS Mitglieder stehen ebenfalls auf dem Programm und werden zeitnah terminiert.<\/p>\n<p>Auf dem Foto: Renate Kunze und Dominik R\u00f6der<\/p>\n","protected":false},"excerpt":{"rendered":"<p>Nach den Neuwahlen im September 2021 hat sich beim TuS Traunreut schon Einiges getan. Mit Renate Kunze und Dominik R\u00f6der, die schon langj\u00e4hrige Mitglieder beim Verein sind, konnten zwei neue Mitarbeiter, Sport- und Fitnesskauffrau\/mann, verpflichtet werden. Renate Kunze \u00fcbernimmt die Leitung der Reha Abteilung von Kurt Schmoll, der die Abteilung in den letzten Jahren auf- [&hellip;]<\/p>\n","protected":false},"author":2,"featured_media":16536,"comment_status":"closed","ping_status":"closed","sticky":false,"template":"","format":"standard","meta":{"_et_pb_use_builder":"","_et_pb_old_content":"","_et_gb_content_width":"","footnotes":""},"categories":[29],"tags":[],"class_list":["post-16535","post","type-post","status-publish","format-standard","has-post-thumbnail","hentry","category-vereinsleben","et-has-post-format-content","et_post_format-et-post-format-standard"],"_links":{"self":[{"href":"https:\/\/www.traunreuter-stadtblatt.de\/index.php?rest_route=\/wp\/v2\/posts\/16535","targetHints":{"allow":["GET"]}}],"collection":[{"href":"https:\/\/www.traunreuter-stadtblatt.de\/index.php?rest_route=\/wp\/v2\/posts"}],"about":[{"href":"https:\/\/www.traunreuter-stadtblatt.de\/index.php?rest_route=\/wp\/v2\/types\/post"}],"author":[{"embeddable":true,"href":"https:\/\/www.traunreuter-stadtblatt.de\/index.php?rest_route=\/wp\/v2\/users\/2"}],"replies":[{"embeddable":true,"href":"https:\/\/www.traunreuter-stadtblatt.de\/index.php?rest_route=%2Fwp%2Fv2%2Fcomments&post=16535"}],"version-history":[{"count":1,"href":"https:\/\/www.traunreuter-stadtblatt.de\/index.php?rest_route=\/wp\/v2\/posts\/16535\/revisions"}],"predecessor-version":[{"id":16537,"href":"https:\/\/www.traunreuter-stadtblatt.de\/index.php?rest_route=\/wp\/v2\/posts\/16535\/revisions\/16537"}],"wp:featuredmedia":[{"embeddable":true,"href":"https:\/\/www.traunreuter-stadtblatt.de\/index.php?rest_route=\/wp\/v2\/media\/16536"}],"wp:attachment":[{"href":"https:\/\/www.traunreuter-stadtblatt.de\/index.php?rest_route=%2Fwp%2Fv2%2Fmedia&parent=16535"}],"wp:term":[{"taxonomy":"category","embeddable":true,"href":"https:\/\/www.traunreuter-stadtblatt.de\/index.php?rest_route=%2Fwp%2Fv2%2Fcategories&post=16535"},{"taxonomy":"post_tag","embeddable":true,"href":"https:\/\/www.traunreuter-stadtblatt.de\/index.php?rest_route=%2Fwp%2Fv2%2Ftags&post=16535"}],"curies":[{"name":"wp","href":"https:\/\/api.w.org\/{rel}","templated":true}]}}